{"id":9988,"date":"2019-03-16T11:35:56","date_gmt":"2019-03-16T10:35:56","guid":{"rendered":"https:\/\/deinenergieportal.de\/?p=9988"},"modified":"2019-03-15T13:26:19","modified_gmt":"2019-03-15T12:26:19","slug":"ish-2019-interview-mit-vaillant","status":"publish","type":"post","link":"https:\/\/deinenergieportal.de\/?p=9988","title":{"rendered":"ISH 2019: Interview mit Vaillant"},"content":{"rendered":"\n<p>Wir haben auf der ISH 2019 in Frankfurt ein Interview mit Dr. Jens Wichtermann von Vaillant gef\u00fchrt. Er pr\u00e4sentiert die W\u00e4rmepumpe &#8222;aroTHERM Plus&#8220;.<\/p>\n\n\n\n<figure class=\"wp-block-embed-youtube wp-block-embed is-type-video is-provider-youtube wp-embed-aspect-16-9 wp-has-aspect-ratio\"><div class=\"wp-block-embed__wrapper\">\n<iframe loading=\"lazy\" width=\"800\" height=\"450\" src=\"https:\/\/www.youtube.com\/embed\/cIkbSANsGCE?feature=oembed\" frameborder=\"0\" allow=\"accelerometer; autoplay; encrypted-media; gyroscope; picture-in-picture\" allowfullscreen><\/iframe>\n<\/div><\/figure>\n\n\n\n<figure class=\"wp-block-image\"><img loading=\"lazy\" decoding=\"async\" width=\"750\" height=\"450\" src=\"https:\/\/deinenergieportal.de\/wp-content\/uploads\/2019\/03\/Vaillant.jpg\" alt=\"\" class=\"wp-image-9989\" srcset=\"https:\/\/deinenergieportal.de\/wp-content\/uploads\/2019\/03\/Vaillant.jpg 750w, https:\/\/deinenergieportal.de\/wp-content\/uploads\/2019\/03\/Vaillant-300x180.jpg 300w\" sizes=\"auto, (max-width: 750px) 100vw, 750px\" \/><figcaption> <br>Bild: DeinEnergieportal<\/figcaption><\/figure>\n\n\n\n<p>Weitere Informationen:  <br><a href=\"https:\/\/www.vaillant.de\/heizung\/\">https:\/\/www.vaillant.de\/heizung<\/a><\/p>\n","protected":false},"excerpt":{"rendered":"<p>Wir haben auf der ISH 2019 in Frankfurt ein Interview mit Dr. Jens Wichtermann von Vaillant gef\u00fchrt. Er pr\u00e4sentiert die<\/p>\n","protected":false},"author":2,"featured_media":9989,"comment_status":"closed","ping_status":"closed","sticky":false,"template":"","format":"standard","meta":{"colormag_page_container_layout":"default_layout","colormag_page_sidebar_layout":"default_layout","_jetpack_memberships_contains_paid_content":false,"footnotes":""},"categories":[10326],"tags":[10738,10739,918,4269,6677,9849,10741,10740,6669,197,610,10742,5145],"class_list":["post-9988","post","type-post","status-publish","format-standard","has-post-thumbnail","hentry","category-video","tag-arotherm-plus","tag-dr-jens-wichtermann","tag-heizung","tag-ish","tag-kaeltemittel","tag-lautstaerke","tag-r290","tag-refrigerant","tag-renovierung","tag-sanierung","tag-vaillant","tag-vorlauftemperaturen","tag-warmepumpe"],"jetpack_featured_media_url":"https:\/\/deinenergieportal.de\/wp-content\/uploads\/2019\/03\/Vaillant.jpg","jetpack_sharing_enabled":true,"_links":{"self":[{"href":"https:\/\/deinenergieportal.de\/index.php?rest_route=\/wp\/v2\/posts\/9988","targetHints":{"allow":["GET"]}}],"collection":[{"href":"https:\/\/deinenergieportal.de\/index.php?rest_route=\/wp\/v2\/posts"}],"about":[{"href":"https:\/\/deinenergieportal.de\/index.php?rest_route=\/wp\/v2\/types\/post"}],"author":[{"embeddable":true,"href":"https:\/\/deinenergieportal.de\/index.php?rest_route=\/wp\/v2\/users\/2"}],"replies":[{"embeddable":true,"href":"https:\/\/deinenergieportal.de\/index.php?rest_route=%2Fwp%2Fv2%2Fcomments&post=9988"}],"version-history":[{"count":2,"href":"https:\/\/deinenergieportal.de\/index.php?rest_route=\/wp\/v2\/posts\/9988\/revisions"}],"predecessor-version":[{"id":9999,"href":"https:\/\/deinenergieportal.de\/index.php?rest_route=\/wp\/v2\/posts\/9988\/revisions\/9999"}],"wp:featuredmedia":[{"embeddable":true,"href":"https:\/\/deinenergieportal.de\/index.php?rest_route=\/wp\/v2\/media\/9989"}],"wp:attachment":[{"href":"https:\/\/deinenergieportal.de\/index.php?rest_route=%2Fwp%2Fv2%2Fmedia&parent=9988"}],"wp:term":[{"taxonomy":"category","embeddable":true,"href":"https:\/\/deinenergieportal.de\/index.php?rest_route=%2Fwp%2Fv2%2Fcategories&post=9988"},{"taxonomy":"post_tag","embeddable":true,"href":"https:\/\/deinenergieportal.de\/index.php?rest_route=%2Fwp%2Fv2%2Ftags&post=9988"}],"curies":[{"name":"wp","href":"https:\/\/api.w.org\/{rel}","templated":true}]}}