{"id":9887,"date":"2019-02-19T11:36:37","date_gmt":"2019-02-19T10:36:37","guid":{"rendered":"https:\/\/deinenergieportal.de\/?p=9887"},"modified":"2019-02-18T09:39:27","modified_gmt":"2019-02-18T08:39:27","slug":"regionale-energiewende-gemeinsam-umsetzen","status":"publish","type":"post","link":"https:\/\/deinenergieportal.de\/?p=9887","title":{"rendered":"Regionale Energiewende gemeinsam umsetzen"},"content":{"rendered":"\n<p>Der bayerische Landkreis Ebersberg vereint alle wichtigen Akteure f\u00fcr eine regionale Energiewende. In der h\u00fcgeligen Voralpenlandschaft mit dem Ebersberger Forst sind erneuerbare Energien ein Gemeinschaftsprojekt. \u201eAlle 21 Kommunen des Landkreises setzen sich f\u00fcr die dezentrale Energieversorgung ein. So gelingt die Energiewende vor Ort\u201c, sagt Nils Boenigk, stellvertretender Gesch\u00e4ftsf\u00fchrer der Agentur f\u00fcr Erneuerbare Energien (AEE), anl\u00e4sslich der Bekanntgabe der Energie-Kommune des Monats.<\/p>\n\n\n\n<figure class=\"wp-block-image\"><img loading=\"lazy\" decoding=\"async\" width=\"750\" height=\"450\" src=\"https:\/\/deinenergieportal.de\/wp-content\/uploads\/2019\/02\/EBE.jpg\" alt=\"\" class=\"wp-image-9888\" srcset=\"https:\/\/deinenergieportal.de\/wp-content\/uploads\/2019\/02\/EBE.jpg 750w, https:\/\/deinenergieportal.de\/wp-content\/uploads\/2019\/02\/EBE-300x180.jpg 300w\" sizes=\"auto, (max-width: 750px) 100vw, 750px\" \/><figcaption>Foto: Windrad Hamberg, Reinhold Pelz<\/figcaption><\/figure>\n\n\n\n<!--more-->\n\n\n\n<p>Der\nLandkreis Ebersberg, der im Osten der Metropolregion M\u00fcnchen liegt, m\u00f6chte bis\nzum Jahr 2030 bilanziell CO2-neutral sein. Die Energieagentur Ebersberg\nkoordiniert alle 21 Kommunen des Landkreises und hat eine landkreisweite\nDatenbank zur CO2-Bilanzierung aufgebaut. R\u00fcckenwind kommt aus dem Kreistag,\nder im Jahr 2017 einen Ma\u00dfnahmenplan f\u00fcr das ehrgeizige Ziel bis 2030\nbeschlossen hat. \u201eDies zeigt einmal mehr, dass wir es mit der Energiewende sehr\nernst nehmen. Einsparm\u00f6glichkeiten m\u00fcssen wir aussch\u00f6pfen und den verbleibenden\nEnergiebedarf schnellstens mit regenerativen Energien im Landkreis erzeugen\u201c,\nbetont der Landrat Robert Niederges\u00e4\u00df.<\/p>\n\n\n\n<p>F\u00fcr\nden Landkreis geht es aber nicht mehr nur um Strom, sondern auch um die erneuerbare\nW\u00e4rmeversorgung. Die Gemeinde Moosach hat in Zusammenarbeit mit der kommunalen\nEnergiegenossenschaft, B\u00fcrgerenergiegenossenschaften und der Wirtschaft ein\nNahw\u00e4rmenetz mit Hackschnitzelheizwerk und einer gro\u00dfen\nFreifl\u00e4chen-Solarthermieanlage er\u00f6ffnet. Dabei ist klar, dass die Energiewende\ninterkommunal mitgedacht und mit viel Engagement umgesetzt wird. Ein\nausf\u00fchrliches Online-Portrait der Energie-Kommune des Landkreises Ebersberg findet\nsich auf <a href=\"http:\/\/www.kommunal-erneuerbar.de\">www.kommunal-erneuerbar.de<\/a>.<\/p>\n\n\n\n<p>Weitere\nInformationen: <a href=\"http:\/\/www.unendlich-viel-energie.de\">www.unendlich-viel-energie.de<\/a><\/p>\n","protected":false},"excerpt":{"rendered":"<p>Der bayerische Landkreis Ebersberg vereint alle wichtigen Akteure f\u00fcr eine regionale Energiewende. In der h\u00fcgeligen Voralpenlandschaft mit dem Ebersberger Forst<\/p>\n","protected":false},"author":1,"featured_media":9888,"comment_status":"closed","ping_status":"closed","sticky":false,"template":"","format":"standard","meta":{"colormag_page_container_layout":"default_layout","colormag_page_sidebar_layout":"default_layout","_jetpack_memberships_contains_paid_content":false,"footnotes":""},"categories":[8893,3],"tags":[1662,10645,10646,440,6003],"class_list":["post-9887","post","type-post","status-publish","format-standard","has-post-thumbnail","hentry","category-hintergrund","category-news","tag-aee","tag-ebersberg","tag-energie-kommune-des-monats","tag-energiewende","tag-windrad"],"jetpack_featured_media_url":"https:\/\/deinenergieportal.de\/wp-content\/uploads\/2019\/02\/EBE.jpg","jetpack_sharing_enabled":true,"_links":{"self":[{"href":"https:\/\/deinenergieportal.de\/index.php?rest_route=\/wp\/v2\/posts\/9887","targetHints":{"allow":["GET"]}}],"collection":[{"href":"https:\/\/deinenergieportal.de\/index.php?rest_route=\/wp\/v2\/posts"}],"about":[{"href":"https:\/\/deinenergieportal.de\/index.php?rest_route=\/wp\/v2\/types\/post"}],"author":[{"embeddable":true,"href":"https:\/\/deinenergieportal.de\/index.php?rest_route=\/wp\/v2\/users\/1"}],"replies":[{"embeddable":true,"href":"https:\/\/deinenergieportal.de\/index.php?rest_route=%2Fwp%2Fv2%2Fcomments&post=9887"}],"version-history":[{"count":1,"href":"https:\/\/deinenergieportal.de\/index.php?rest_route=\/wp\/v2\/posts\/9887\/revisions"}],"predecessor-version":[{"id":9889,"href":"https:\/\/deinenergieportal.de\/index.php?rest_route=\/wp\/v2\/posts\/9887\/revisions\/9889"}],"wp:featuredmedia":[{"embeddable":true,"href":"https:\/\/deinenergieportal.de\/index.php?rest_route=\/wp\/v2\/media\/9888"}],"wp:attachment":[{"href":"https:\/\/deinenergieportal.de\/index.php?rest_route=%2Fwp%2Fv2%2Fmedia&parent=9887"}],"wp:term":[{"taxonomy":"category","embeddable":true,"href":"https:\/\/deinenergieportal.de\/index.php?rest_route=%2Fwp%2Fv2%2Fcategories&post=9887"},{"taxonomy":"post_tag","embeddable":true,"href":"https:\/\/deinenergieportal.de\/index.php?rest_route=%2Fwp%2Fv2%2Ftags&post=9887"}],"curies":[{"name":"wp","href":"https:\/\/api.w.org\/{rel}","templated":true}]}}