{"id":9218,"date":"2018-09-15T11:21:04","date_gmt":"2018-09-15T09:21:04","guid":{"rendered":"https:\/\/deinenergieportal.de\/?p=9218"},"modified":"2018-09-13T10:22:25","modified_gmt":"2018-09-13T08:22:25","slug":"baulandkommission-gestartet-bauland-darf-kein-engpass-fuer-wohnen-sein","status":"publish","type":"post","link":"https:\/\/deinenergieportal.de\/?p=9218","title":{"rendered":"Baulandkommission gestartet: Bauland darf kein Engpass f\u00fcr Wohnen sein"},"content":{"rendered":"<p><a href=\"https:\/\/deinenergieportal.de\/?attachment_id=9219\" rel=\"attachment wp-att-9219\"><img loading=\"lazy\" decoding=\"async\" class=\"alignnone size-medium wp-image-9219\" src=\"https:\/\/deinenergieportal.de\/wp-content\/uploads\/2018\/09\/BMI-300x200.png\" alt=\"\" width=\"300\" height=\"200\" srcset=\"https:\/\/deinenergieportal.de\/wp-content\/uploads\/2018\/09\/BMI-300x200.png 300w, https:\/\/deinenergieportal.de\/wp-content\/uploads\/2018\/09\/BMI.png 750w\" sizes=\"auto, (max-width: 300px) 100vw, 300px\" \/><\/a><\/p>\n<p>Die Expertenkommission \u201eNachhaltige Baulandmobilisierung und Bodenpolitik\u201c unter Vorsitz von Marco Wanderwitz, Parlamentarischer Staatssekret\u00e4r beim Bundesministerium des Innern, f\u00fcr Bau und Heimat, hat ihre Arbeit aufgenommen. Sie wird konkrete Handlungsoptionen f\u00fcr eine bessere und schnellere Aktivierung von Grundst\u00fccken f\u00fcr den Wohnungsbau erarbeiten. Mitglieder sind Vertreterinnen und Vertreter der Regierungsfraktionen, Landesminister- und -senatorinnen, Vertreterinnen und Vertreter der kommunalen Spitzenverb\u00e4nde, Bundesministerien, Wissenschaft sowie Verb\u00e4nde.<\/p>\n<p><!--more--><\/p>\n<p>\u201eWir wollen praktikable Wege zur L\u00f6sung der Baulandfrage und Unterst\u00fctzung des Wohnungsbaus finden\u201c, betone Marco Wanderwitz. \u201eWir brauchen dazu einen offenen Dialog, der praktische Erfahrungen, Fachwissen und Politik verbindet. Wir haben Baulandpotenziale und diese gilt es, im Interesse unserer B\u00fcrgerinnen und B\u00fcrger z\u00fcgig zu erschlie\u00dfen. Daf\u00fcr m\u00fcssen wir die Rahmenbedingungen auf allen f\u00f6deralen Ebenen optimieren. Dabei ist mir wichtig, den Wohnungsbau und sein soziales Umfeld im Blick zu haben. Bezahlbare Wohnungen, ein attraktives Wohnumfeld und eine gute Infrastruktur sind entscheidend zur Vermeidung von sozialen Spannungen.\u201c Die Baulandkommission soll im Sommer 2019 ihre Ergebnisse vorlegen.<\/p>\n<p>Weitere Informationen: <a href=\"http:\/\/www.bmi.bund.de\">www.bmi.bund.de<\/a><\/p>\n","protected":false},"excerpt":{"rendered":"<p>Die Expertenkommission \u201eNachhaltige Baulandmobilisierung und Bodenpolitik\u201c unter Vorsitz von Marco Wanderwitz, Parlamentarischer Staatssekret\u00e4r beim Bundesministerium des Innern, f\u00fcr Bau und<\/p>\n","protected":false},"author":1,"featured_media":9219,"comment_status":"closed","ping_status":"closed","sticky":false,"template":"","format":"standard","meta":{"colormag_page_container_layout":"default_layout","colormag_page_sidebar_layout":"default_layout","_jetpack_memberships_contains_paid_content":false,"footnotes":""},"categories":[8794,3],"tags":[10228,10229,10230,9394],"class_list":["post-9218","post","type-post","status-publish","format-standard","has-post-thumbnail","hentry","category-bau","category-news","tag-baulandkommission","tag-bmi","tag-nachhaltige-baulandmobilisierung-und-bodenpolitik","tag-wohnungsbau"],"jetpack_featured_media_url":"https:\/\/deinenergieportal.de\/wp-content\/uploads\/2018\/09\/BMI.png","jetpack_sharing_enabled":true,"_links":{"self":[{"href":"https:\/\/deinenergieportal.de\/index.php?rest_route=\/wp\/v2\/posts\/9218","targetHints":{"allow":["GET"]}}],"collection":[{"href":"https:\/\/deinenergieportal.de\/index.php?rest_route=\/wp\/v2\/posts"}],"about":[{"href":"https:\/\/deinenergieportal.de\/index.php?rest_route=\/wp\/v2\/types\/post"}],"author":[{"embeddable":true,"href":"https:\/\/deinenergieportal.de\/index.php?rest_route=\/wp\/v2\/users\/1"}],"replies":[{"embeddable":true,"href":"https:\/\/deinenergieportal.de\/index.php?rest_route=%2Fwp%2Fv2%2Fcomments&post=9218"}],"version-history":[{"count":1,"href":"https:\/\/deinenergieportal.de\/index.php?rest_route=\/wp\/v2\/posts\/9218\/revisions"}],"predecessor-version":[{"id":9221,"href":"https:\/\/deinenergieportal.de\/index.php?rest_route=\/wp\/v2\/posts\/9218\/revisions\/9221"}],"wp:featuredmedia":[{"embeddable":true,"href":"https:\/\/deinenergieportal.de\/index.php?rest_route=\/wp\/v2\/media\/9219"}],"wp:attachment":[{"href":"https:\/\/deinenergieportal.de\/index.php?rest_route=%2Fwp%2Fv2%2Fmedia&parent=9218"}],"wp:term":[{"taxonomy":"category","embeddable":true,"href":"https:\/\/deinenergieportal.de\/index.php?rest_route=%2Fwp%2Fv2%2Fcategories&post=9218"},{"taxonomy":"post_tag","embeddable":true,"href":"https:\/\/deinenergieportal.de\/index.php?rest_route=%2Fwp%2Fv2%2Ftags&post=9218"}],"curies":[{"name":"wp","href":"https:\/\/api.w.org\/{rel}","templated":true}]}}