{"id":9117,"date":"2018-08-20T11:43:43","date_gmt":"2018-08-20T09:43:43","guid":{"rendered":"https:\/\/deinenergieportal.de\/?p=9117"},"modified":"2018-08-17T11:46:07","modified_gmt":"2018-08-17T09:46:07","slug":"fachtagung-zur-energetischen-sanierung-am-21-november-2018-in-stuttgart-zukunft-altbau-veranstaltet-bundesweites-austauschtreffen-fuer-bau-und-energieexperten","status":"publish","type":"post","link":"https:\/\/deinenergieportal.de\/?p=9117","title":{"rendered":"Fachtagung zur energetischen Sanierung am 21. November 2018 in Stuttgart: Zukunft Altbau veranstaltet bundesweites Austauschtreffen f\u00fcr Bau- und Energieexperten"},"content":{"rendered":"<figure id=\"attachment_9113\" aria-describedby=\"caption-attachment-9113\" style=\"width: 300px\" class=\"wp-caption alignnone\"><a href=\"https:\/\/deinenergieportal.de\/?attachment_id=9113\" rel=\"attachment wp-att-9113\"><img loading=\"lazy\" decoding=\"async\" class=\"size-medium wp-image-9113\" src=\"https:\/\/deinenergieportal.de\/wp-content\/uploads\/2018\/08\/20171122MST_6292-FotoZukunftAltbau-e1533536898469-768x511-300x200.jpg\" alt=\"\" width=\"300\" height=\"200\" srcset=\"https:\/\/deinenergieportal.de\/wp-content\/uploads\/2018\/08\/20171122MST_6292-FotoZukunftAltbau-e1533536898469-768x511-300x200.jpg 300w, https:\/\/deinenergieportal.de\/wp-content\/uploads\/2018\/08\/20171122MST_6292-FotoZukunftAltbau-e1533536898469-768x511.jpg 750w\" sizes=\"auto, (max-width: 300px) 100vw, 300px\" \/><\/a><figcaption id=\"caption-attachment-9113\" class=\"wp-caption-text\">Bildquelle: Zukunft Altbau<\/figcaption><\/figure>\n<p>Das Herbstforum Altbau findet in diesem Jahr zum 20. Mal statt. Die bundesweit bekannte Tagung zur energetischen Sanierung versammelt j\u00e4hrlich rund 450 Fachleute aus der Sanierungsbranche zum Erfahrungsaustausch und Diskurs. Im Fokus stehen die Effizienz von W\u00e4rmepumpen, die Erneuerung von Heizungsanlagen, energiepolitische Entwicklungen sowie der Wandel in Wohn- und Baukultur. Veranstalter des Kongresses ist Zukunft Altbau, das vom Umweltministerium Baden-W\u00fcrttemberg gef\u00f6rderte Informationsprogramm. Neben Referenten aus Forschung, Politik und Wirtschaft werden zahlreiche Geb\u00e4udeenergieberater, Baufachleute, Architekten und Ingenieure erwartet. Termin der Baufachveranstaltung ist der 21. November 2018, Ort die Sparkassenakademie am Hauptbahnhof Stuttgart. Die Tagung wird klimaneutral gestaltet.<\/p>\n<p><!--more--><\/p>\n<p>Das Herbstforum Altbau wird von einer ganzt\u00e4gigen Fachausstellung zur energieeffizienten Geb\u00e4udesanierung erg\u00e4nzt. Die Teilnahmegeb\u00fchren belaufen sich auf 70 Euro pro Person. F\u00fcr Fachleute besteht die M\u00f6glichkeit, sich die Tagung als Fortbildungsveranstaltung anrechnen zu lassen: Die Deutsche Energie-Agentur dena, die Architektenkammer Baden-W\u00fcrttemberg und die Ingenieurkammer des Landes gew\u00e4hren Fortbildungspunkte. Eine Anmeldung ist bis zum 9. November auf <a href=\"http:\/\/www.zukunftaltbau.de\">www.zukunftaltbau.de<\/a>, Rubrik \u201eF\u00fcr Experten\u201c, m\u00f6glich.<\/p>\n<p>Zukunft Altbau hat die Veranstaltung bewusst klimafreundlich konzipiert: Die Akademie liegt direkt am Hauptbahnhof, eine Anreise mit dem \u00f6ffentlichen Fern- und Nahverkehr ist daher besonders komfortabel. Beim Catering gibt es frische regionale, vegetarische Kost \u2013 auch um den Kohlendioxidaussto\u00df nicht weiter zu erh\u00f6hen. Unvermeidbare CO2-Emissionen werden \u00fcber den Karlsruher Klimafonds kompensiert. Nach der Begr\u00fc\u00dfung durch Dipl.-Ing. Frank Hettler, Leiter von Zukunft Altbau, folgen zehn Fachvortr\u00e4ge \u00fcber die Praxis der energetischen Geb\u00e4udesanierung und aktuelle Forschungsthemen.<\/p>\n<p>Weitere Informationen: <a href=\"http:\/\/www.zukunftaltbau.de\">www.zukunftaltbau.de<\/a><\/p>\n","protected":false},"excerpt":{"rendered":"<p>Das Herbstforum Altbau findet in diesem Jahr zum 20. Mal statt. Die bundesweit bekannte Tagung zur energetischen Sanierung versammelt j\u00e4hrlich<\/p>\n","protected":false},"author":2,"featured_media":9113,"comment_status":"closed","ping_status":"closed","sticky":false,"template":"","format":"standard","meta":{"colormag_page_container_layout":"default_layout","colormag_page_sidebar_layout":"default_layout","_jetpack_memberships_contains_paid_content":false,"footnotes":""},"categories":[4],"tags":[2334,3294,7242,981,654,2848,10131,918,10130,7739,5083,1960,5145,4083,3563],"class_list":["post-9117","post","type-post","status-publish","format-standard","has-post-thumbnail","hentry","category-termine","tag-architekt","tag-baden-wuerttemberg","tag-bau","tag-energieberater","tag-fachtagung","tag-forschung","tag-hauptbahnhof","tag-heizung","tag-herbstforum-altbau","tag-ingenieur","tag-politik","tag-stuttgart","tag-warmepumpe","tag-wirtschaft","tag-zukunft-altbau"],"jetpack_featured_media_url":"https:\/\/deinenergieportal.de\/wp-content\/uploads\/2018\/08\/20171122MST_6292-FotoZukunftAltbau-e1533536898469-768x511.jpg","jetpack_sharing_enabled":true,"_links":{"self":[{"href":"https:\/\/deinenergieportal.de\/index.php?rest_route=\/wp\/v2\/posts\/9117","targetHints":{"allow":["GET"]}}],"collection":[{"href":"https:\/\/deinenergieportal.de\/index.php?rest_route=\/wp\/v2\/posts"}],"about":[{"href":"https:\/\/deinenergieportal.de\/index.php?rest_route=\/wp\/v2\/types\/post"}],"author":[{"embeddable":true,"href":"https:\/\/deinenergieportal.de\/index.php?rest_route=\/wp\/v2\/users\/2"}],"replies":[{"embeddable":true,"href":"https:\/\/deinenergieportal.de\/index.php?rest_route=%2Fwp%2Fv2%2Fcomments&post=9117"}],"version-history":[{"count":1,"href":"https:\/\/deinenergieportal.de\/index.php?rest_route=\/wp\/v2\/posts\/9117\/revisions"}],"predecessor-version":[{"id":9118,"href":"https:\/\/deinenergieportal.de\/index.php?rest_route=\/wp\/v2\/posts\/9117\/revisions\/9118"}],"wp:featuredmedia":[{"embeddable":true,"href":"https:\/\/deinenergieportal.de\/index.php?rest_route=\/wp\/v2\/media\/9113"}],"wp:attachment":[{"href":"https:\/\/deinenergieportal.de\/index.php?rest_route=%2Fwp%2Fv2%2Fmedia&parent=9117"}],"wp:term":[{"taxonomy":"category","embeddable":true,"href":"https:\/\/deinenergieportal.de\/index.php?rest_route=%2Fwp%2Fv2%2Fcategories&post=9117"},{"taxonomy":"post_tag","embeddable":true,"href":"https:\/\/deinenergieportal.de\/index.php?rest_route=%2Fwp%2Fv2%2Ftags&post=9117"}],"curies":[{"name":"wp","href":"https:\/\/api.w.org\/{rel}","templated":true}]}}