{"id":6950,"date":"2017-02-15T15:20:19","date_gmt":"2017-02-15T14:20:19","guid":{"rendered":"https:\/\/deinenergieportal.de\/?p=6950"},"modified":"2017-02-14T10:22:29","modified_gmt":"2017-02-14T09:22:29","slug":"elektromobilitaet-e-on-bringt-neue-ladeloesungen-auf-den-markt","status":"publish","type":"post","link":"https:\/\/deinenergieportal.de\/?p=6950","title":{"rendered":"Elektromobilit\u00e4t: E.ON bringt neue Ladel\u00f6sungen auf den Markt"},"content":{"rendered":"<p>Rundum sorglos \u2013 unter dieses Motto stellt E.ON seine Ladel\u00f6sungen f\u00fcr Elektrofahrzeuge. Privatkunden laden mit den E.ON-L\u00f6sungen bequem zu Hause und dank einer Lade-Flatrate ab Fr\u00fchjahr 2017 auch an rund 2500 \u00f6ffentlichen Ladepunkten in Deutschland. F\u00fcr Unternehmen und Kommunen bietet der Energieversorger verschiedene Ladel\u00f6sungen von der Wallbox beispielsweise f\u00fcr Parkh\u00e4user \u00fcber klassische Lades\u00e4ulen bis zur innovativen Bildschirmlades\u00e4ule. Individuell zugeschnittene Service-Pakete mit F\u00f6rdermittelberatung, Wartung und Betrieb der Ladeinfrastruktur runden das Angebot ab. Passende \u00d6kostrom-Tarife erm\u00f6glichen allen Nutzergruppen zudem auf Wunsch umweltfreundliches und g\u00fcnstiges Aufladen. &#8222;Der Elektromobilit\u00e4t geh\u00f6rt die Zukunft&#8220;, so Robert Hienz, CEO E.ON Energie Deutschland. &#8222;Wir wollen mit unseren L\u00f6sungen Unternehmen, Kommunen und Privatkunden einen rundum sorglosen Service bieten und dazu beitragen, den Ausbau der Ladeinfrastruktur voranzutreiben.&#8220;<\/p>\n<p><!--more--><\/p>\n<p>F\u00fcr Privatkunden bietet E.ON neben verschiedenen Wallbox-Modellen ab April 2017 eine neue Lade-Flatrate. Diese sorgt daf\u00fcr, dass Fahrer von Elektrofahrzeugen nicht nur zu Hause, sondern auch unterwegs sorgenfrei laden k\u00f6nnen: Rund 2500 Ladestationen in Deutschland stehen den E.ON-Kunden dann zur Verf\u00fcgung. &#8222;Dabei soll es aber nicht bleiben&#8220;, verr\u00e4t Hienz. &#8222;Wir arbeiten mit Nachdruck daran, dieses Netz weiter auszubauen. Elektromobilit\u00e4t wird mit unseren L\u00f6sungen einfach, komfortabel und vor allem alltagstauglich werden.&#8220; Daher bietet das Unternehmen die Lade-Flatrate auch Privatnutzern an, die keine Wallbox von E.ON zu Hause haben. &#8222;Nicht jeder hat ein Eigenheim, m\u00f6chte aber trotzdem auf ein umweltfreundliches Elektrofahrzeug setzen&#8220;, so Hienz weiter. Nutzer, die nur zu Hause &#8222;tanken&#8220; m\u00f6chten, k\u00f6nnen die Wallbox auch ohne Lade-Flatrate kaufen und bekommen daf\u00fcr schon heute einen Bonus auf Stromprodukte von E.ON. Ein ma\u00dfgeschneiderter \u00d6kostromtarif rundet das Angebot f\u00fcr Privatkunden ab.<\/p>\n<p>Mit vier verschiedenen Modellen bietet E.ON Ladel\u00f6sungen f\u00fcr alle Anforderungen \u00f6ffentlicher oder gewerblicher Parkfl\u00e4chen, unter anderem eine innovative Bildschirmlades\u00e4ule. Sie verf\u00fcgt \u00fcber zwei Ladepunkte sowie einen 46-Zoll-Bildschirm, auf dem die Betreiber ihre Botschaften \u2013 zum Beispiel Informationen f\u00fcr Touristen, B\u00fcrger, Mitarbeiter oder G\u00e4ste \u2013 aufmerksamkeitsstark pr\u00e4sentieren k\u00f6nnen. &#8222;Auch eine Vermarktung der Fl\u00e4che ist m\u00f6glich und tr\u00e4gt so zur Refinanzierung der Ladeinfrastruktur bei&#8220;, erg\u00e4nzt Hienz. Alle Ladel\u00f6sungen k\u00f6nnen mit einem individuell zugeschnittenen Service-Paket kombiniert werden, das auf Wunsch alle Schritte beim Aufbau oder der Modernisierung einer Ladeinfrastruktur abdeckt: von der Vorabberatung zu Produkten und F\u00f6rdermitteln bis hin zu intelligentem Lastmanagement, Betrieb und Wartung. Einzelne Serviceleistungen lassen sich dabei alternativ modular buchen. So garantiert E.ON beispielsweise auch eine Belieferung mit 100 Prozent zertifiziertem \u00d6kostrom.<\/p>\n<p>Weitere Informationen: <a href=\"https:\/\/www.eon.de\/pk\/de.html\">https:\/\/www.eon.de\/pk\/de.html<\/a><\/p>\n","protected":false},"excerpt":{"rendered":"<p>Rundum sorglos \u2013 unter dieses Motto stellt E.ON seine Ladel\u00f6sungen f\u00fcr Elektrofahrzeuge. Privatkunden laden mit den E.ON-L\u00f6sungen bequem zu Hause<\/p>\n","protected":false},"author":1,"featured_media":6951,"comment_status":"open","ping_status":"open","sticky":false,"template":"","format":"standard","meta":{"colormag_page_container_layout":"default_layout","colormag_page_sidebar_layout":"default_layout","_jetpack_memberships_contains_paid_content":false,"footnotes":""},"categories":[3],"tags":[7752,2191,1127,7751,7750,5061,2270,3904,1056,6895,1104],"class_list":["post-6950","post","type-post","status-publish","format-standard","has-post-thumbnail","hentry","category-news","tag-bildschirm","tag-e-on","tag-elektromobilitat","tag-flatrate","tag-ladeloesung","tag-ladesaeule","tag-ladestation","tag-lastmanagement","tag-okostrom","tag-wallbox","tag-wartung"],"jetpack_featured_media_url":"https:\/\/deinenergieportal.de\/wp-content\/uploads\/2017\/02\/E.ON-emobility_shutterstock_483328855_1a.jpg","jetpack_sharing_enabled":true,"_links":{"self":[{"href":"https:\/\/deinenergieportal.de\/index.php?rest_route=\/wp\/v2\/posts\/6950","targetHints":{"allow":["GET"]}}],"collection":[{"href":"https:\/\/deinenergieportal.de\/index.php?rest_route=\/wp\/v2\/posts"}],"about":[{"href":"https:\/\/deinenergieportal.de\/index.php?rest_route=\/wp\/v2\/types\/post"}],"author":[{"embeddable":true,"href":"https:\/\/deinenergieportal.de\/index.php?rest_route=\/wp\/v2\/users\/1"}],"replies":[{"embeddable":true,"href":"https:\/\/deinenergieportal.de\/index.php?rest_route=%2Fwp%2Fv2%2Fcomments&post=6950"}],"version-history":[{"count":1,"href":"https:\/\/deinenergieportal.de\/index.php?rest_route=\/wp\/v2\/posts\/6950\/revisions"}],"predecessor-version":[{"id":6952,"href":"https:\/\/deinenergieportal.de\/index.php?rest_route=\/wp\/v2\/posts\/6950\/revisions\/6952"}],"wp:featuredmedia":[{"embeddable":true,"href":"https:\/\/deinenergieportal.de\/index.php?rest_route=\/wp\/v2\/media\/6951"}],"wp:attachment":[{"href":"https:\/\/deinenergieportal.de\/index.php?rest_route=%2Fwp%2Fv2%2Fmedia&parent=6950"}],"wp:term":[{"taxonomy":"category","embeddable":true,"href":"https:\/\/deinenergieportal.de\/index.php?rest_route=%2Fwp%2Fv2%2Fcategories&post=6950"},{"taxonomy":"post_tag","embeddable":true,"href":"https:\/\/deinenergieportal.de\/index.php?rest_route=%2Fwp%2Fv2%2Ftags&post=6950"}],"curies":[{"name":"wp","href":"https:\/\/api.w.org\/{rel}","templated":true}]}}