{"id":25115,"date":"2026-09-05T10:49:59","date_gmt":"2026-09-05T08:49:59","guid":{"rendered":"https:\/\/deinenergieportal.de\/?p=25115"},"modified":"2026-09-03T11:09:22","modified_gmt":"2026-09-03T09:09:22","slug":"waermepumpe-im-sommer-so-funktioniert-kuehlen-ohne-klimaanlage","status":"publish","type":"post","link":"https:\/\/deinenergieportal.de\/?p=25115","title":{"rendered":"W\u00e4rmepumpe im Sommer: So funktioniert K\u00fchlen ohne Klimaanlage"},"content":{"rendered":"\n<p class=\"wp-block-paragraph\">Sommerhitze geh\u00f6rt mittlerweile zum festen Bestandteil der warmen Jahreszeit in Deutschland. Viele HausbesitzerInnen suchen deshalb nach M\u00f6glichkeiten, ihre Innenr\u00e4ume angenehm k\u00fchl zu halten, ohne eine separate Klimaanlage anzuschaffen. Eine Option kann die vorhandene oder geplante W\u00e4rmepumpe sein, denn bestimmte Anlagen lassen sich neben dem Heizen auch zum K\u00fchlen nutzen. Dabei wird grunds\u00e4tzlich zwischen aktivem und passivem K\u00fchlen unterschieden, die sich in Technik, Leistung und Energiebedarf unterscheiden. Die Verbraucherzentrale NRW hat dazu f\u00fcnf zentrale Punkte zusammengestellt, die Eigent\u00fcmerInnen kennen sollten.<\/p>\n\n\n\n<figure class=\"wp-block-image size-large\"><a href=\"https:\/\/deinenergieportal.de\/wp-content\/uploads\/2026\/09\/VZNRW_20260825_Kuehlen_mit_Waermepumpe-adpic.webp\"><img loading=\"lazy\" decoding=\"async\" width=\"1024\" height=\"683\" src=\"https:\/\/deinenergieportal.de\/wp-content\/uploads\/2026\/09\/VZNRW_20260825_Kuehlen_mit_Waermepumpe-adpic-1024x683.webp\" alt=\"\" class=\"wp-image-25114\" srcset=\"https:\/\/deinenergieportal.de\/wp-content\/uploads\/2026\/09\/VZNRW_20260825_Kuehlen_mit_Waermepumpe-adpic-1024x683.webp 1024w, https:\/\/deinenergieportal.de\/wp-content\/uploads\/2026\/09\/VZNRW_20260825_Kuehlen_mit_Waermepumpe-adpic-300x200.webp 300w, https:\/\/deinenergieportal.de\/wp-content\/uploads\/2026\/09\/VZNRW_20260825_Kuehlen_mit_Waermepumpe-adpic-768x512.webp 768w, https:\/\/deinenergieportal.de\/wp-content\/uploads\/2026\/09\/VZNRW_20260825_Kuehlen_mit_Waermepumpe-adpic.webp 1200w\" sizes=\"auto, (max-width: 1024px) 100vw, 1024px\" \/><\/a><figcaption class=\"wp-element-caption\">K\u00fchlung mit W\u00e4rmepumpe &#8211; Quelle: Verbraucherzentrale NRW\/adpic<\/figcaption><\/figure>\n\n\n\n<p class=\"wp-block-paragraph\"><strong>Aktives und passives K\u00fchlen im Unterschied<\/strong><\/p>\n\n\n\n<p class=\"wp-block-paragraph\">Bei der K\u00fchlung mit einer W\u00e4rmepumpe gibt es zwei technische Wege. Beim aktiven K\u00fchlen kommt eine sogenannte reversible W\u00e4rmepumpe zum Einsatz, bei der sich der W\u00e4rmepumpenkreislauf im Sommer umkehrt: Statt W\u00e4rme von au\u00dfen ins Geb\u00e4ude zu transportieren, wird sie aus den Innenr\u00e4umen nach au\u00dfen abgef\u00fchrt. Diese Variante ist sowohl bei Luft-Wasser-W\u00e4rmepumpen als auch bei Sole-Wasser- und Wasser-Wasser-W\u00e4rmepumpen m\u00f6glich. Beim passiven K\u00fchlen, das ausschlie\u00dflich mit Sole-Wasser- oder Wasser-Wasser-W\u00e4rmepumpen funktioniert, wird die Geb\u00e4udew\u00e4rme \u00fcber einen W\u00e4rmetauscher an das k\u00fchlere Erdreich oder Grundwasser abgegeben. Diese Methode liefert zwar eine geringere K\u00fchlleistung als das aktive K\u00fchlen, arbeitet daf\u00fcr aber besonders energiesparend. Ein positiver Nebeneffekt: Die im Sommer eingebrachte W\u00e4rme regeneriert die Erdsonde einer Sole-Wasser-W\u00e4rmepumpe und verbessert dadurch die Effizienz in der folgenden Heizperiode. Welche K\u00fchlart \u00fcberhaupt infrage kommt, h\u00e4ngt von der jeweiligen W\u00e4rmepumpe ab.<\/p>\n\n\n\n<p class=\"wp-block-paragraph\"><strong>K\u00fchlfunktion fr\u00fchzeitig mitplanen<\/strong><\/p>\n\n\n\n<p class=\"wp-block-paragraph\">Wer die K\u00fchlfunktion sp\u00e4ter nutzen m\u00f6chte, sollte dies idealerweise schon bei der Anschaffung der W\u00e4rmepumpe ber\u00fccksichtigen. F\u00fcr aktives K\u00fchlen ist eine Anlage mit reversibler Funktionsweise notwendig, zudem m\u00fcssen passende K\u00fchlfl\u00e4chen vorhanden sein. Klassische Heizk\u00f6rper eignen sich daf\u00fcr kaum: Ihre kleine Fl\u00e4che und der geringe Temperaturunterschied begrenzen die Wirkung, au\u00dferdem kann an ihrer kalten Oberfl\u00e4che Kondenswasser entstehen. Deutlich besser geeignet sind Fl\u00e4chenheizungen. Unter bestimmten technischen Voraussetzungen l\u00e4sst sich eine K\u00fchlfunktion auch bei bereits installierten W\u00e4rmepumpen nachr\u00fcsten.<\/p>\n\n\n\n<p class=\"wp-block-paragraph\"><strong>Realistische Erwartungen an die K\u00fchlleistung<\/strong><\/p>\n\n\n\n<p class=\"wp-block-paragraph\">Passives K\u00fchlen verl\u00e4uft langsamer und gleichm\u00e4\u00dfiger als bei einer klassischen Klimaanlage, da eine Fl\u00e4chenheizung tr\u00e4ge reagiert. Realistisch sind in der Regel Abk\u00fchlungen von zwei bis vier Grad. Eine vorausschauende Planung der K\u00fchlregelung ist daher sinnvoll. Bei Sole-Wasser-W\u00e4rmepumpen, insbesondere mit Fl\u00e4chenkollektoren, kann die K\u00fchlleistung im Laufe des Sommers nachlassen, weil sich das Erdreich erw\u00e4rmt und der Temperaturunterschied sinkt. Passives K\u00fchlen eignet sich somit vor allem f\u00fcr eine leichte, gleichm\u00e4\u00dfige Abk\u00fchlung des Geb\u00e4udes \u2013 erg\u00e4nzt durch Verschattung und n\u00e4chtliches L\u00fcften l\u00e4sst sich der K\u00fchlbedarf zus\u00e4tzlich reduzieren.<\/p>\n\n\n\n<p class=\"wp-block-paragraph\"><strong>Taupunkt\u00fcberwachung als Sicherheitsfaktor<\/strong><\/p>\n\n\n\n<p class=\"wp-block-paragraph\">Da bei der K\u00fchlung \u00fcber Heizfl\u00e4chen keine Entfeuchtung der Luft stattfindet, ist eine zuverl\u00e4ssige Taupunkt\u00fcberwachung wichtig. Sie sorgt daf\u00fcr, dass Heizfl\u00e4chen, Leitungen und Verteiler nicht so weit abk\u00fchlen, dass sich Feuchtigkeit aus der Raumluft als Kondensat niederschl\u00e4gt. Andernfalls drohen unerw\u00fcnschte N\u00e4sse und Schimmelbildung. Die Taupunkt\u00fcberwachung minimiert dieses Risiko und ist damit ein zentraler Bestandteil eines sicheren K\u00fchlbetriebs.<\/p>\n\n\n\n<p class=\"wp-block-paragraph\"><strong>Energieverbrauch beim K\u00fchlen beachten<\/strong><\/p>\n\n\n\n<p class=\"wp-block-paragraph\">Aktives K\u00fchlen erh\u00f6ht den Stromverbrauch der W\u00e4rmepumpe und wirkt sich zus\u00e4tzlich zum Heizbetrieb auf die Klimabilanz aus. Um die volle K\u00fchlleistung nutzen zu k\u00f6nnen, ist au\u00dferdem eine Entfeuchtung der Raumluft erforderlich, etwa \u00fcber Gebl\u00e4sekonvektoren oder L\u00fcftungsanlagen. Eine unkompliziertere Alternative bieten Luft-Luft-W\u00e4rmepumpen, die technisch wie klassische Klimasplitger\u00e4te funktionieren und im Sommer entsprechend eingesetzt werden k\u00f6nnen. Besonders sparsam ist dagegen das passive K\u00fchlen mit einer Grundwasser- oder Erdw\u00e4rmepumpe, bei dem lediglich Strom f\u00fcr die Umw\u00e4lzpumpen anf\u00e4llt. Noch klimafreundlicher wird die K\u00fchlung, wenn der ben\u00f6tigte Strom aus einer eigenen Photovoltaikanlage stammt \u2013 so lassen sich Wohnkomfort und Energieeffizienz sinnvoll kombinieren.<\/p>\n\n\n\n<p class=\"wp-block-paragraph\"><strong>Weiterf\u00fchrende Informationen:<\/strong><\/p>\n\n\n\n<ul class=\"wp-block-list\">\n<li>Alles rund um die W\u00e4rmepumpe: <a href=\"https:\/\/www.verbraucherzentrale.nrw\/node\/5439\">https:\/\/www.verbraucherzentrale.nrw\/node\/5439<\/a><\/li>\n\n\n\n<li>Der Ratgeber \u201eW\u00e4rmepumpe&#8220; kann hier bestellt werden: <a href=\"https:\/\/www.ratgeber-verbraucherzentrale.de\/bauen-wohnen\/ratgeber-w%C3%A4rmepumpe-46009215\">https:\/\/www.ratgeber-verbraucherzentrale.de\/bauen-wohnen\/ratgeber-w%C3%A4rmepumpe-46009215<\/a><\/li>\n\n\n\n<li>Aktuelle Veranstaltungen rund um das Thema Energie: <a href=\"http:\/\/www.verbraucherzentrale.nrw\/e-veranstaltungen\">www.verbraucherzentrale.nrw\/e-veranstaltungen<\/a><\/li>\n<\/ul>\n","protected":false},"excerpt":{"rendered":"<p>Sommerhitze geh\u00f6rt mittlerweile zum festen Bestandteil der warmen Jahreszeit in Deutschland. Viele Hausbesitzer:innen suchen deshalb nach M\u00f6glichkeiten, ihre Innenr\u00e4ume angenehm k\u00fchl zu halten, ohne eine separate Klimaanlage anzuschaffen. Eine Option kann die vorhandene oder geplante W\u00e4rmepumpe sein, denn bestimmte Anlagen lassen sich neben dem Heizen auch zum K\u00fchlen nutzen. Dabei wird grunds\u00e4tzlich zwischen aktivem und passivem K\u00fchlen unterschieden, die sich in Technik, Leistung und Energiebedarf unterscheiden. Die Verbraucherzentrale NRW hat dazu f\u00fcnf zentrale Punkte zusammengestellt, die Eigent\u00fcmer:innen kennen sollten.<\/p>\n","protected":false},"author":2,"featured_media":25114,"comment_status":"closed","ping_status":"closed","sticky":false,"template":"","format":"standard","meta":{"colormag_page_container_layout":"default_layout","colormag_page_sidebar_layout":"default_layout","_jetpack_newsletter_access":"","_jetpack_dont_email_post_to_subs":false,"_jetpack_newsletter_tier_id":0,"_jetpack_memberships_contains_paywalled_content":false,"_jetpack_feature_clip_id":0,"_jetpack_memberships_contains_paid_content":false,"footnotes":"","jetpack_post_was_ever_published":false},"categories":[7325],"tags":[903,3789,7716,2125,5145],"class_list":["post-25115","post","type-post","status-publish","format-standard","has-post-thumbnail","hentry","category-heizung","tag-energieeffizienz","tag-hausbesitzer","tag-klimatisierung","tag-kuehlen","tag-warmepumpe"],"jetpack_sharing_enabled":true,"jetpack_featured_media_url":"https:\/\/deinenergieportal.de\/wp-content\/uploads\/2026\/09\/VZNRW_20260825_Kuehlen_mit_Waermepumpe-adpic.webp","_links":{"self":[{"href":"https:\/\/deinenergieportal.de\/index.php?rest_route=\/wp\/v2\/posts\/25115","targetHints":{"allow":["GET"]}}],"collection":[{"href":"https:\/\/deinenergieportal.de\/index.php?rest_route=\/wp\/v2\/posts"}],"about":[{"href":"https:\/\/deinenergieportal.de\/index.php?rest_route=\/wp\/v2\/types\/post"}],"author":[{"embeddable":true,"href":"https:\/\/deinenergieportal.de\/index.php?rest_route=\/wp\/v2\/users\/2"}],"replies":[{"embeddable":true,"href":"https:\/\/deinenergieportal.de\/index.php?rest_route=%2Fwp%2Fv2%2Fcomments&post=25115"}],"version-history":[{"count":2,"href":"https:\/\/deinenergieportal.de\/index.php?rest_route=\/wp\/v2\/posts\/25115\/revisions"}],"predecessor-version":[{"id":25131,"href":"https:\/\/deinenergieportal.de\/index.php?rest_route=\/wp\/v2\/posts\/25115\/revisions\/25131"}],"wp:featuredmedia":[{"embeddable":true,"href":"https:\/\/deinenergieportal.de\/index.php?rest_route=\/wp\/v2\/media\/25114"}],"wp:attachment":[{"href":"https:\/\/deinenergieportal.de\/index.php?rest_route=%2Fwp%2Fv2%2Fmedia&parent=25115"}],"wp:term":[{"taxonomy":"category","embeddable":true,"href":"https:\/\/deinenergieportal.de\/index.php?rest_route=%2Fwp%2Fv2%2Fcategories&post=25115"},{"taxonomy":"post_tag","embeddable":true,"href":"https:\/\/deinenergieportal.de\/index.php?rest_route=%2Fwp%2Fv2%2Ftags&post=25115"}],"curies":[{"name":"wp","href":"https:\/\/api.w.org\/{rel}","templated":true}]}}