{"id":25090,"date":"2026-09-04T12:11:28","date_gmt":"2026-09-04T10:11:28","guid":{"rendered":"https:\/\/deinenergieportal.de\/?p=25090"},"modified":"2026-08-25T12:15:01","modified_gmt":"2026-08-25T10:15:01","slug":"next2sun-ag-startet-aktienemission-fuer-weiteres-wachstum","status":"publish","type":"post","link":"https:\/\/deinenergieportal.de\/?p=25090","title":{"rendered":"Next2Sun AG startet Aktienemission f\u00fcr weiteres Wachstum"},"content":{"rendered":"\n<p class=\"wp-block-paragraph\">Die Next2Sun AG will mit einer Aktienemission bis zu f\u00fcnf Millionen Euro f\u00fcr die weitere Expansion einwerben. Das Unternehmen aus Dillingen\/Saar entwickelt und realisiert vertikale bifaziale Photovoltaikanlagen und sieht in der ver\u00e4nderten Stromproduktion erneuerbarer Energien einen wachsenden Markt. Die Systeme erzeugen ihren Schwerpunkt bei der Stromproduktion nicht wie konventionelle, nach S\u00fcden ausgerichtete Anlagen zur Mittagszeit, sondern vor allem morgens und abends. Dadurch sollen h\u00f6here Marktwerte erzielt und Abregelungen reduziert werden. Mit dem Kapital will Next2Sun unter anderem eigene Solarprojekte umsetzen und das Gesch\u00e4ftsmodell weiter skalieren.<\/p>\n\n\n\n<figure class=\"wp-block-image size-large\"><a href=\"https:\/\/deinenergieportal.de\/wp-content\/uploads\/2026\/08\/Agri-Solarpark-Donaueschingen_Aasen-002.webp\"><img loading=\"lazy\" decoding=\"async\" width=\"1024\" height=\"682\" src=\"https:\/\/deinenergieportal.de\/wp-content\/uploads\/2026\/08\/Agri-Solarpark-Donaueschingen_Aasen-002-1024x682.webp\" alt=\"\" class=\"wp-image-25091\" srcset=\"https:\/\/deinenergieportal.de\/wp-content\/uploads\/2026\/08\/Agri-Solarpark-Donaueschingen_Aasen-002-1024x682.webp 1024w, https:\/\/deinenergieportal.de\/wp-content\/uploads\/2026\/08\/Agri-Solarpark-Donaueschingen_Aasen-002-300x200.webp 300w, https:\/\/deinenergieportal.de\/wp-content\/uploads\/2026\/08\/Agri-Solarpark-Donaueschingen_Aasen-002-768x511.webp 768w, https:\/\/deinenergieportal.de\/wp-content\/uploads\/2026\/08\/Agri-Solarpark-Donaueschingen_Aasen-002.webp 1200w\" sizes=\"auto, (max-width: 1024px) 100vw, 1024px\" \/><\/a><figcaption class=\"wp-element-caption\">Agri-Solarpark Donaueschingen &#8211; Quelle: Next2Sun<\/figcaption><\/figure>\n\n\n\n<h2 class=\"wp-block-heading\">Stromproduktion zu anderen Tageszeiten<\/h2>\n\n\n\n<p class=\"wp-block-paragraph\">Nach Angaben von Next2Sun gewinnt bei steigenden Anteilen erneuerbarer Energien nicht nur die Menge des erzeugten Stroms, sondern auch dessen zeitliche Verf\u00fcgbarkeit an Bedeutung. Die vertikalen bifazialen Anlagen des Unternehmens sind so ausgerichtet, dass beide Seiten der Module zur Stromerzeugung beitragen.<\/p>\n\n\n\n<p class=\"wp-block-paragraph\">Im ersten Halbjahr 2026 lag der von Next2Sun genannte Vorteil der eigenen Anlagen gegen\u00fcber dem Marktwert Solar am Spotmarkt bei mehr als 60 Prozent. Das Unternehmen f\u00fchrt dies unter anderem auf die zeitlich breiter verteilte Stromproduktion zur\u00fcck. Dadurch k\u00f6nnten sich gegen\u00fcber konventionellen Freifl\u00e4chenanlagen h\u00f6here Erl\u00f6se erzielen lassen.<\/p>\n\n\n\n<p class=\"wp-block-paragraph\">\u201eDie Energiewende steht vor einer neuen Phase. Nicht mehr allein die Menge des erzeugten Solarstroms entscheidet \u00fcber den Erfolg einer Anlage, sondern insbesondere der Zeitpunkt der Erzeugung\u201c, sagt Heiko Hildebrandt, Vorstand der Next2Sun AG.<\/p>\n\n\n\n<h2 class=\"wp-block-heading\">Projektvolumen soll deutlich wachsen<\/h2>\n\n\n\n<p class=\"wp-block-paragraph\">F\u00fcr 2026 erwartet Next2Sun ein Projektvolumen von rund 50 Megawatt. Damit soll in einem Jahr nahezu das Volumen der zehn vorangegangenen Jahre erreicht werden. F\u00fcr 2027 rechnet das Unternehmen mit mehr als 70 Megawatt. Mittelfristig wird die Realisierung von j\u00e4hrlich dreistelligen Megawattvolumina angestrebt.<\/p>\n\n\n\n<p class=\"wp-block-paragraph\">Die Kapitalerh\u00f6hung erfolgt als Eigenemission. Bestehende Aktion\u00e4re k\u00f6nnen vom 21. August bis zum 4. September 2026 im Rahmen ihres Bezugsrechts neue Aktien zeichnen. Anschlie\u00dfend soll bis zum 30. September 2026 auch weiteren Anlegern die direkte Zeichnung bei Next2Sun m\u00f6glich sein.<\/p>\n\n\n\n<h2 class=\"wp-block-heading\">Vertikale Photovoltaik seit 2015<\/h2>\n\n\n\n<p class=\"wp-block-paragraph\">Next2Sun entwickelt die Technologie der vertikalen bifazialen Photovoltaik seit der Unternehmensgr\u00fcndung im Jahr 2015. Zu den Projekten geh\u00f6rt unter anderem eine Anlage am Flughafen Frankfurt mit einer Gesamtleistung von 17,4 Megawatt.<\/p>\n\n\n\n<p class=\"wp-block-paragraph\">\u201eMit der Kapitalerh\u00f6hung wollen wir die Voraussetzungen schaffen, um das enorme Marktpotenzial der vertikalen Photovoltaik konsequent zu erschlie\u00dfen\u201c, erkl\u00e4rt Sascha Krause-T\u00fcnker, Vorstand der Next2Sun AG.<\/p>\n\n\n\n<p class=\"wp-block-paragraph\">Direkter Link zu Next2Sun AG: <a href=\"https:\/\/next2sun.com\/\">Next2Sun: Markt- &amp; Technologief\u00fchrer vertikale bifaciale Photovoltaik<\/a><\/p>\n","protected":false},"excerpt":{"rendered":"<p>Die Next2Sun AG will mit einer Aktienemission bis zu f\u00fcnf Millionen Euro f\u00fcr die weitere Expansion einwerben. Das Unternehmen aus Dillingen\/Saar entwickelt und realisiert vertikale bifaziale Photovoltaikanlagen und sieht in der ver\u00e4nderten Stromproduktion erneuerbarer Energien einen wachsenden Markt. Die Systeme erzeugen ihren Schwerpunkt bei der Stromproduktion nicht wie konventionelle, nach S\u00fcden ausgerichtete Anlagen zur Mittagszeit, sondern vor allem morgens und abends. Dadurch sollen h\u00f6here Marktwerte erzielt und Abregelungen reduziert werden. Mit dem Kapital will Next2Sun unter anderem eigene Solarprojekte umsetzen und das Gesch\u00e4ftsmodell weiter skalieren.<\/p>\n","protected":false},"author":1,"featured_media":25091,"comment_status":"closed","ping_status":"closed","sticky":false,"template":"","format":"standard","meta":{"colormag_page_container_layout":"default_layout","colormag_page_sidebar_layout":"default_layout","_jetpack_newsletter_access":"","_jetpack_dont_email_post_to_subs":false,"_jetpack_newsletter_tier_id":0,"_jetpack_memberships_contains_paywalled_content":false,"_jetpack_feature_clip_id":0,"_jetpack_memberships_contains_paid_content":false,"footnotes":"","jetpack_post_was_ever_published":false},"categories":[7678,3,18227],"tags":[20181,440,7315,5144,56],"class_list":["post-25090","post","type-post","status-publish","format-standard","has-post-thumbnail","hentry","category-markt","category-news","category-verbraucher","tag-bifazialepv","tag-energiewende","tag-kapitalerhoehung","tag-photovoltaik","tag-solarenergie"],"jetpack_sharing_enabled":true,"jetpack_featured_media_url":"https:\/\/deinenergieportal.de\/wp-content\/uploads\/2026\/08\/Agri-Solarpark-Donaueschingen_Aasen-002.webp","_links":{"self":[{"href":"https:\/\/deinenergieportal.de\/index.php?rest_route=\/wp\/v2\/posts\/25090","targetHints":{"allow":["GET"]}}],"collection":[{"href":"https:\/\/deinenergieportal.de\/index.php?rest_route=\/wp\/v2\/posts"}],"about":[{"href":"https:\/\/deinenergieportal.de\/index.php?rest_route=\/wp\/v2\/types\/post"}],"author":[{"embeddable":true,"href":"https:\/\/deinenergieportal.de\/index.php?rest_route=\/wp\/v2\/users\/1"}],"replies":[{"embeddable":true,"href":"https:\/\/deinenergieportal.de\/index.php?rest_route=%2Fwp%2Fv2%2Fcomments&post=25090"}],"version-history":[{"count":1,"href":"https:\/\/deinenergieportal.de\/index.php?rest_route=\/wp\/v2\/posts\/25090\/revisions"}],"predecessor-version":[{"id":25092,"href":"https:\/\/deinenergieportal.de\/index.php?rest_route=\/wp\/v2\/posts\/25090\/revisions\/25092"}],"wp:featuredmedia":[{"embeddable":true,"href":"https:\/\/deinenergieportal.de\/index.php?rest_route=\/wp\/v2\/media\/25091"}],"wp:attachment":[{"href":"https:\/\/deinenergieportal.de\/index.php?rest_route=%2Fwp%2Fv2%2Fmedia&parent=25090"}],"wp:term":[{"taxonomy":"category","embeddable":true,"href":"https:\/\/deinenergieportal.de\/index.php?rest_route=%2Fwp%2Fv2%2Fcategories&post=25090"},{"taxonomy":"post_tag","embeddable":true,"href":"https:\/\/deinenergieportal.de\/index.php?rest_route=%2Fwp%2Fv2%2Ftags&post=25090"}],"curies":[{"name":"wp","href":"https:\/\/api.w.org\/{rel}","templated":true}]}}