{"id":24129,"date":"2026-01-25T11:58:58","date_gmt":"2026-01-25T10:58:58","guid":{"rendered":"https:\/\/deinenergieportal.de\/?p=24129"},"modified":"2026-01-13T12:04:00","modified_gmt":"2026-01-13T11:04:00","slug":"fachkraeftebedarf-im-e-handwerk-sinkt-bleibt-aber-eine-herausforderung","status":"publish","type":"post","link":"https:\/\/deinenergieportal.de\/?p=24129","title":{"rendered":"Fachkr\u00e4ftebedarf im E-Handwerk sinkt, bleibt aber eine Herausforderung"},"content":{"rendered":"\n<p>Die E-Handwerke in Deutschland verzeichnen aktuell rund 65.000 offene Stellen \u2013 18 Prozent weniger als im Vorjahr. Damit setzt sich der r\u00fcckl\u00e4ufige Trend beim Fachkr\u00e4ftebedarf fort, der bereits in den letzten beiden Jahren zu beobachten war. Besonders betroffen sind an- und ungelernte Helfer, w\u00e4hrend der Bedarf an qualifizierten Gesellen, hochqualifizierten Gesellen und Meistern nur moderat zur\u00fcckgeht. Hintergrund sind anhaltende Krisen im Neubau, niedrige Sanierungsraten und eine stagnierende Energiewende. Trotz des R\u00fcckgangs warnt der Zentralverband der Deutschen Elektro- und Informationstechnischen Handwerke (ZVEH), dass Fachkr\u00e4fte weiterhin dringend ben\u00f6tigt werden, insbesondere angesichts der demografischen Entwicklung und der fortschreitenden Elektrifizierung.<\/p>\n\n\n\n<figure class=\"wp-block-image size-large\"><a href=\"https:\/\/deinenergieportal.de\/wp-content\/uploads\/2026\/01\/ZVEH_ChartFachkraefte.webp\"><img loading=\"lazy\" decoding=\"async\" width=\"1024\" height=\"581\" src=\"https:\/\/deinenergieportal.de\/wp-content\/uploads\/2026\/01\/ZVEH_ChartFachkraefte-1024x581.webp\" alt=\"\" class=\"wp-image-24130\" srcset=\"https:\/\/deinenergieportal.de\/wp-content\/uploads\/2026\/01\/ZVEH_ChartFachkraefte-1024x581.webp 1024w, https:\/\/deinenergieportal.de\/wp-content\/uploads\/2026\/01\/ZVEH_ChartFachkraefte-300x170.webp 300w, https:\/\/deinenergieportal.de\/wp-content\/uploads\/2026\/01\/ZVEH_ChartFachkraefte-768x436.webp 768w, https:\/\/deinenergieportal.de\/wp-content\/uploads\/2026\/01\/ZVEH_ChartFachkraefte.webp 1200w\" sizes=\"auto, (max-width: 1024px) 100vw, 1024px\" \/><\/a><figcaption class=\"wp-element-caption\">Die aktuelle Fachkr\u00e4fteerhebung des ZVEH zeigt, dass der Bedarf im gr\u00f6\u00dften installierenden Handwerk Deutschlands weiter r\u00fcckl\u00e4ufig ist. &#8211; Quelle: ZEVH<\/figcaption><\/figure>\n\n\n\n<p><strong>R\u00fcckgang der offenen Stellen seit 2021<\/strong><\/p>\n\n\n\n<p>Die aktuelle Fachkr\u00e4fteerhebung des ZVEH zeigt, dass der Bedarf im gr\u00f6\u00dften installierenden Handwerk Deutschlands weiter r\u00fcckl\u00e4ufig ist. Die Zahl der offenen Stellen sank von 79.567 Anfang 2025 auf nun 65.301. Zum Vergleich: W\u00e4hrend der Hochphase der Energiewende zwischen 2021 und 2023 stieg der Bedarf kontinuierlich und erreichte 2023 mit 96.580 offenen Stellen einen H\u00f6hepunkt. Auch die Herbstkonjunkturumfrage 2025 verdeutlicht die Zur\u00fcckhaltung der Unternehmen bei der Einstellung neuer Mitarbeiter: Hatten 2023 noch 66 Prozent der Betriebe offene Stellen gemeldet, waren es 2025 nur noch 46,9 Prozent.<\/p>\n\n\n\n<p><strong>Mehrere Faktoren bremsen den Bedarf<\/strong><\/p>\n\n\n\n<p>Alexander Neuh\u00e4user, Hauptgesch\u00e4ftsf\u00fchrer des ZVEH, f\u00fchrt die Entwicklung auf mehrere Ursachen zur\u00fcck: \u201eDer Neubau schw\u00e4chelt, die Sanierungsquote liegt auf einem Allzeittief, Elektromobilit\u00e4t stagniert und selbst der Photovoltaik-Markt ist r\u00fcckl\u00e4ufig.\u201c Zus\u00e4tzlich sorge die politische Debatte um die Energiewende, das Verbrenner-Aus und die Verschiebung des EU-Emissionshandelssystems 2 (EU-ETS 2) f\u00fcr Verunsicherung und Investitionszur\u00fcckhaltung bei Erneuerbaren Energien.<\/p>\n\n\n\n<p><strong>Fachkr\u00e4fte weiter im Fokus<\/strong><\/p>\n\n\n\n<p>Der R\u00fcckgang betrifft vor allem an- und ungelernte Kr\u00e4fte: Ihre offenen Stellen halbierten sich von 7.996 (2023) auf 3.673 im Jahr 2026. Bei Gesellen sank die Zahl von 25.568 auf 21.655, bei hochqualifizierten Gesellen von 23.048 auf 17.627 und bei Meistern von 5.641 auf 5.140. \u201eDie Betriebe setzen verst\u00e4rkt auf flexible, gut qualifizierte Fachkr\u00e4fte, um sich schnell an wechselnde Nachfrage anzupassen\u201c, so Neuh\u00e4user. Auch bei Auszubildenden ist die Zahl der offenen Stellen zwar leicht gesunken, der Bedarf bleibt stabil.<\/p>\n\n\n\n<p><strong>Langfristige Herausforderung f\u00fcr Ausbildung und Qualifikation<\/strong><\/p>\n\n\n\n<p>Trotz des aktuellen R\u00fcckgangs bleibt der Fachkr\u00e4ftebedarf hoch, insbesondere wegen des demografischen Wandels und der zunehmenden Elektrifizierung. Neuh\u00e4user betont: \u201eAusbildung und Qualifizierung d\u00fcrfen angesichts einer schw\u00e4chelnden Wirtschaft nicht vernachl\u00e4ssigt werden. Der Fachkr\u00e4ftebedarf wird in den kommenden Jahren weiter bestehen.\u201c Um die Leistungsf\u00e4higkeit des E-Handwerks und damit die Versorgungssicherheit in Deutschland zu sichern, sei eine hochwertige Ausbildung und kontinuierliche Qualifizierung unverzichtbar.<\/p>\n\n\n\n<p>Direkter Link: <a href=\"https:\/\/www.zveh.de\/\">Willkommen beim ZVEH!<\/a><\/p>\n","protected":false},"excerpt":{"rendered":"<p>Die E-Handwerke in Deutschland verzeichnen aktuell rund 65.000 offene Stellen \u2013 18 Prozent weniger als im Vorjahr. Damit setzt sich der r\u00fcckl\u00e4ufige Trend beim Fachkr\u00e4ftebedarf fort, der bereits in den letzten beiden Jahren zu beobachten war. Besonders betroffen sind an- und ungelernte Helfer, w\u00e4hrend der Bedarf an qualifizierten Gesellen, hochqualifizierten Gesellen und Meistern nur moderat zur\u00fcckgeht. Hintergrund sind anhaltende Krisen im Neubau, niedrige Sanierungsraten und eine stagnierende Energiewende. Trotz des R\u00fcckgangs warnt der Zentralverband der Deutschen Elektro- und Informationstechnischen Handwerke (ZVEH), dass Fachkr\u00e4fte weiterhin dringend ben\u00f6tigt werden, insbesondere angesichts der demografischen Entwicklung und der fortschreitenden Elektrifizierung.<\/p>\n","protected":false},"author":1,"featured_media":24130,"comment_status":"closed","ping_status":"closed","sticky":false,"template":"","format":"standard","meta":{"colormag_page_container_layout":"default_layout","colormag_page_sidebar_layout":"default_layout","_jetpack_memberships_contains_paid_content":false,"footnotes":""},"categories":[3,9732],"tags":[4076,18778,440,11611,1814],"class_list":["post-24129","post","type-post","status-publish","format-standard","has-post-thumbnail","hentry","category-news","category-new-fuer-installateure-und-fachhandwerker","tag-ausbildung","tag-ehandwerk","tag-energiewende","tag-fachkraefte","tag-zveh"],"jetpack_featured_media_url":"https:\/\/deinenergieportal.de\/wp-content\/uploads\/2026\/01\/ZVEH_ChartFachkraefte.webp","jetpack_sharing_enabled":true,"_links":{"self":[{"href":"https:\/\/deinenergieportal.de\/index.php?rest_route=\/wp\/v2\/posts\/24129","targetHints":{"allow":["GET"]}}],"collection":[{"href":"https:\/\/deinenergieportal.de\/index.php?rest_route=\/wp\/v2\/posts"}],"about":[{"href":"https:\/\/deinenergieportal.de\/index.php?rest_route=\/wp\/v2\/types\/post"}],"author":[{"embeddable":true,"href":"https:\/\/deinenergieportal.de\/index.php?rest_route=\/wp\/v2\/users\/1"}],"replies":[{"embeddable":true,"href":"https:\/\/deinenergieportal.de\/index.php?rest_route=%2Fwp%2Fv2%2Fcomments&post=24129"}],"version-history":[{"count":1,"href":"https:\/\/deinenergieportal.de\/index.php?rest_route=\/wp\/v2\/posts\/24129\/revisions"}],"predecessor-version":[{"id":24131,"href":"https:\/\/deinenergieportal.de\/index.php?rest_route=\/wp\/v2\/posts\/24129\/revisions\/24131"}],"wp:featuredmedia":[{"embeddable":true,"href":"https:\/\/deinenergieportal.de\/index.php?rest_route=\/wp\/v2\/media\/24130"}],"wp:attachment":[{"href":"https:\/\/deinenergieportal.de\/index.php?rest_route=%2Fwp%2Fv2%2Fmedia&parent=24129"}],"wp:term":[{"taxonomy":"category","embeddable":true,"href":"https:\/\/deinenergieportal.de\/index.php?rest_route=%2Fwp%2Fv2%2Fcategories&post=24129"},{"taxonomy":"post_tag","embeddable":true,"href":"https:\/\/deinenergieportal.de\/index.php?rest_route=%2Fwp%2Fv2%2Ftags&post=24129"}],"curies":[{"name":"wp","href":"https:\/\/api.w.org\/{rel}","templated":true}]}}