{"id":23222,"date":"2025-07-03T10:37:19","date_gmt":"2025-07-03T08:37:19","guid":{"rendered":"https:\/\/deinenergieportal.de\/?p=23222"},"modified":"2025-07-10T11:14:13","modified_gmt":"2025-07-10T09:14:13","slug":"bodentiefe-fenster-lichtquelle-und-herausforderung-fuer-den-bodenbelag","status":"publish","type":"post","link":"https:\/\/deinenergieportal.de\/?p=23222","title":{"rendered":"Bodentiefe Fenster: Lichtquelle und Herausforderung f\u00fcr den Bodenbelag"},"content":{"rendered":"\n<p>Gro\u00dfe Glasfl\u00e4chen pr\u00e4gen den modernen Hausbau: <strong>bodentiefe Fenster und Glast\u00fcren<\/strong> sorgen f\u00fcr offene, helle R\u00e4ume und eine direkte Verbindung zur Natur. Neben viel Tageslicht bringen sie aber auch <strong>besondere Anforderungen an den Bodenbelag<\/strong> mit sich. Intensive <strong>Sonneneinstrahlung<\/strong>, <strong>Feuchtigkeitseintrag<\/strong> bei offenen T\u00fcren und <strong>Temperaturschwankungen<\/strong> durch L\u00fcftung oder Fu\u00dfbodenheizung belasten das Material dauerhaft. Ein fest aufgeklebter, wasserbest\u00e4ndiger Boden \u2013 z.\u202fB. <strong>Vinyl, Laminat, Parkett mit pigmentierter Oberfl\u00e4che oder versiegelter Kork<\/strong> \u2013 sch\u00fctzt vor Sch\u00e4den. Wichtig ist dabei die Beratung durch Fachleute und eine fachgerechte Verlegung \u2013 am besten durch den Profi.<\/p>\n\n\n\n<figure class=\"wp-block-image size-large\"><a href=\"https:\/\/deinenergieportal.de\/wp-content\/uploads\/2025\/06\/BodenbelagbeiFensterbisBoden.webp\"><img loading=\"lazy\" decoding=\"async\" width=\"1024\" height=\"574\" src=\"https:\/\/deinenergieportal.de\/wp-content\/uploads\/2025\/06\/BodenbelagbeiFensterbisBoden-1024x574.webp\" alt=\"\" class=\"wp-image-23211\" srcset=\"https:\/\/deinenergieportal.de\/wp-content\/uploads\/2025\/06\/BodenbelagbeiFensterbisBoden-1024x574.webp 1024w, https:\/\/deinenergieportal.de\/wp-content\/uploads\/2025\/06\/BodenbelagbeiFensterbisBoden-300x168.webp 300w, https:\/\/deinenergieportal.de\/wp-content\/uploads\/2025\/06\/BodenbelagbeiFensterbisBoden-768x431.webp 768w, https:\/\/deinenergieportal.de\/wp-content\/uploads\/2025\/06\/BodenbelagbeiFensterbisBoden.webp 1204w\" sizes=\"auto, (max-width: 1024px) 100vw, 1024px\" \/><\/a><figcaption class=\"wp-element-caption\">Ein perfekter Sonnenschutz sind sogenannte Screens. Au\u00dfen vor den Glas-Schiebet\u00fcren angebracht, lassen sie tags\u00fcber genug Licht in die R\u00e4ume und sch\u00fctzen nachts vor neugierigen Blicken. Durch die vollfl\u00e4chige Klebung kann der Bodenbelag bei hoher Hitzeeinwirkung nicht rei\u00dfen oder sich verformen. &#8211; \nQuelle: Shahla\/AdobeStock\/IBK<\/figcaption><\/figure>\n\n\n\n<p>Im <strong>Sommer<\/strong> droht \u00dcberhitzung, im <strong>Winter<\/strong> belasten kalte Luftstr\u00f6me den Boden \u2013 hier helfen <strong>Beschattungssysteme<\/strong> wie Raffstores, Markisen oder automatische Jalousien. Zugleich sch\u00fctzt <strong>Sicherheitsverglasung<\/strong> vor Einbruch und UV-Schutzglas vor dem <strong>Ausbleichen des Belags<\/strong>. Selbst moderne <strong>Industrieprodukte<\/strong> wie lichtechtes Laminat oder Designb\u00f6den mit UV-best\u00e4ndigen Oberfl\u00e4chen k\u00f6nnen sich durch das Licht ver\u00e4ndern, besonders wenn M\u00f6bel oder Teppiche Schatten werfen. <strong>Naturmaterialien<\/strong> wie Holz oder Kork reagieren sichtbar auf Licht: sie dunkeln nach oder bleichen aus \u2013 beides gilt als nat\u00fcrlicher Alterungsprozess, der sich durch Oberfl\u00e4chenbehandlungen gezielt steuern l\u00e4sst.<\/p>\n\n\n\n<p>Wer auf Nummer sicher gehen will, sollte <strong>fu\u00dfbodenheizungsgeeignete und emissionsarme Produkte<\/strong> w\u00e4hlen und auf die richtige Technik beim Verkleben achten. Die Kombination aus Materialauswahl, fachgerechter Verarbeitung und pr\u00e4ventiven Ma\u00dfnahmen \u2013 von <strong>UV-Folie bis Windw\u00e4chter<\/strong> \u2013 sch\u00fctzt dauerhaft vor Sch\u00e4den und sorgt f\u00fcr ein gesundes Raumklima. Ein wohldurchdachtes System aus Licht, Belag und Beschattung macht moderne Architektur nicht nur sch\u00f6ner, sondern auch funktionaler.<\/p>\n\n\n\n<hr class=\"wp-block-separator has-alpha-channel-opacity\"\/>\n\n\n\n<hr class=\"wp-block-separator has-alpha-channel-opacity\"\/>\n\n\n\n<h3 class=\"wp-block-heading\">Einige Bezugsquellen als Tipp aus der Redaktion:<\/h3>\n\n\n\n<ul class=\"wp-block-list\">\n<li><strong>Design-Vinyl und Laminat<\/strong> (lichtecht, feuchtraumgeeignet):<br><a class=\"\" href=\"https:\/\/www.parador.de\">https:\/\/www.parador.de<\/a><br><a>https:\/\/www.haro.com\/de<\/a><\/li>\n\n\n\n<li><strong>Zubeh\u00f6r f\u00fcr Sonnenschutz &amp; UV-Folie<\/strong>:<br><a class=\"\" href=\"https:\/\/www.veluxshop.de\">https:\/\/www.veluxshop.de<\/a><br><a class=\"\" href=\"https:\/\/www.folienmarkt.de\">https:\/\/www.folienmarkt.de<\/a><\/li>\n<\/ul>\n\n\n\n<hr class=\"wp-block-separator has-alpha-channel-opacity\"\/>\n","protected":false},"excerpt":{"rendered":"<p>Bodentiefe Fenster bringen Licht, Luft und Ausblick \u2013 stellen aber besondere Anforderungen an den Boden. Intensives Sonnenlicht, Temperaturschwankungen und Feuchtigkeit k\u00f6nnen Bel\u00e4ge besch\u00e4digen, wenn sie nicht fachgerecht ausgew\u00e4hlt und verlegt wurden. Besonders geeignet sind lichtechte, wasserfeste B\u00f6den \u2013 vollfl\u00e4chig verklebt und emissionsarm. Sonnenschutz, UV-Folien und automatische Beschattungssysteme erh\u00f6hen nicht nur den Komfort, sondern sch\u00fctzen Boden und Innenraum. Wer auf Qualit\u00e4t und Fachhandwerk setzt, investiert in Langlebigkeit, Gesundheit und Wohnwert.<\/p>\n","protected":false},"author":1,"featured_media":23211,"comment_status":"closed","ping_status":"closed","sticky":false,"template":"","format":"standard","meta":{"colormag_page_container_layout":"default_layout","colormag_page_sidebar_layout":"default_layout","_jetpack_memberships_contains_paid_content":false,"footnotes":""},"categories":[8794],"tags":[6838,19293,19294,6833,2760,19295],"class_list":["post-23222","post","type-post","status-publish","format-standard","has-post-thumbnail","hentry","category-bau","tag-bodenbelag","tag-bodentiefefenster","tag-fachgerechtverlegt","tag-ibk","tag-raumklima","tag-uvschutz"],"jetpack_featured_media_url":"https:\/\/deinenergieportal.de\/wp-content\/uploads\/2025\/06\/BodenbelagbeiFensterbisBoden.webp","jetpack_sharing_enabled":true,"_links":{"self":[{"href":"https:\/\/deinenergieportal.de\/index.php?rest_route=\/wp\/v2\/posts\/23222","targetHints":{"allow":["GET"]}}],"collection":[{"href":"https:\/\/deinenergieportal.de\/index.php?rest_route=\/wp\/v2\/posts"}],"about":[{"href":"https:\/\/deinenergieportal.de\/index.php?rest_route=\/wp\/v2\/types\/post"}],"author":[{"embeddable":true,"href":"https:\/\/deinenergieportal.de\/index.php?rest_route=\/wp\/v2\/users\/1"}],"replies":[{"embeddable":true,"href":"https:\/\/deinenergieportal.de\/index.php?rest_route=%2Fwp%2Fv2%2Fcomments&post=23222"}],"version-history":[{"count":3,"href":"https:\/\/deinenergieportal.de\/index.php?rest_route=\/wp\/v2\/posts\/23222\/revisions"}],"predecessor-version":[{"id":23302,"href":"https:\/\/deinenergieportal.de\/index.php?rest_route=\/wp\/v2\/posts\/23222\/revisions\/23302"}],"wp:featuredmedia":[{"embeddable":true,"href":"https:\/\/deinenergieportal.de\/index.php?rest_route=\/wp\/v2\/media\/23211"}],"wp:attachment":[{"href":"https:\/\/deinenergieportal.de\/index.php?rest_route=%2Fwp%2Fv2%2Fmedia&parent=23222"}],"wp:term":[{"taxonomy":"category","embeddable":true,"href":"https:\/\/deinenergieportal.de\/index.php?rest_route=%2Fwp%2Fv2%2Fcategories&post=23222"},{"taxonomy":"post_tag","embeddable":true,"href":"https:\/\/deinenergieportal.de\/index.php?rest_route=%2Fwp%2Fv2%2Ftags&post=23222"}],"curies":[{"name":"wp","href":"https:\/\/api.w.org\/{rel}","templated":true}]}}