{"id":23200,"date":"2025-06-28T11:22:48","date_gmt":"2025-06-28T09:22:48","guid":{"rendered":"https:\/\/deinenergieportal.de\/?p=23200"},"modified":"2025-06-17T11:25:26","modified_gmt":"2025-06-17T09:25:26","slug":"badtrends-2025-26-nachhaltigkeit-waerme-und-funktionalitaet-im-fokus","status":"publish","type":"post","link":"https:\/\/deinenergieportal.de\/?p=23200","title":{"rendered":"Badtrends 2025\/26: Nachhaltigkeit, W\u00e4rme und Funktionalit\u00e4t im Fokus"},"content":{"rendered":"\n<p>Das Badezimmer entwickelt sich weiter zur pers\u00f6nlichen Wohlf\u00fchlzone und spiegelt zunehmend gesellschaftliche Entwicklungen wider. Laut <strong>Patrick Schmid<\/strong>, Standortleiter der REISSER-Designbadausstellung in Deizisau, stehen Individualit\u00e4t, Effizienz und emotionale Qualit\u00e4t im Mittelpunkt moderner Badgestaltung. <strong>Nachhaltige Materialien<\/strong>, <strong>energieeffiziente Technik<\/strong> und <strong>designorientierte Barrierefreiheit<\/strong> pr\u00e4gen den Trend.<\/p>\n\n\n\n<figure class=\"wp-block-image size-large\"><a href=\"https:\/\/deinenergieportal.de\/wp-content\/uploads\/2025\/06\/REISSER_Ausstellung_Deizisau4.webp\"><img loading=\"lazy\" decoding=\"async\" width=\"1024\" height=\"736\" src=\"https:\/\/deinenergieportal.de\/wp-content\/uploads\/2025\/06\/REISSER_Ausstellung_Deizisau4-1024x736.webp\" alt=\"\" class=\"wp-image-23187\" srcset=\"https:\/\/deinenergieportal.de\/wp-content\/uploads\/2025\/06\/REISSER_Ausstellung_Deizisau4-1024x736.webp 1024w, https:\/\/deinenergieportal.de\/wp-content\/uploads\/2025\/06\/REISSER_Ausstellung_Deizisau4-300x216.webp 300w, https:\/\/deinenergieportal.de\/wp-content\/uploads\/2025\/06\/REISSER_Ausstellung_Deizisau4-768x552.webp 768w, https:\/\/deinenergieportal.de\/wp-content\/uploads\/2025\/06\/REISSER_Ausstellung_Deizisau4.webp 1200w\" sizes=\"auto, (max-width: 1024px) 100vw, 1024px\" \/><\/a><figcaption class=\"wp-element-caption\">Patrick Schmid beobachtet als Experte kontinuierlich die Innovationen und Trends in der Badgestaltung &#8211; rund um Formsprache, Farbgebung und Materialkombinationen. Quelle: Reisser<\/figcaption><\/figure>\n\n\n\n<p>Die Nachfrage konzentriert sich auf nat\u00fcrliche Farben wie <strong>Salbeigr\u00fcn<\/strong>, Sand oder Taupe sowie matte Oberfl\u00e4chen und organische Formen. Materialien in Holz-, Stein- oder Betonoptik schaffen wohnliche Atmosph\u00e4ren, unterst\u00fctzt durch indirektes Licht. Schwarze Armaturen und Varianten in Bronze oder Gun Metal erg\u00e4nzen matte Sanit\u00e4rkeramik.<\/p>\n\n\n\n<p>Technisch setzen sich bodengleiche <strong>Walk-in-Duschen<\/strong>, <strong>sp\u00fclrandlose WCs<\/strong> mit verdeckter Befestigung und zunehmend <strong>Dusch-WCs<\/strong> durch \u2013 oft als langlebige, wartungsarme Mittelklassemodelle. \u201eBarrierefreiheit ohne Stigma\u201c lautet das neue Motto: unterfahrbare Waschpl\u00e4tze, gro\u00dfz\u00fcgige Bewegungsfl\u00e4chen und nachr\u00fcstbare Griffe werden fr\u00fchzeitig mitgeplant.<\/p>\n\n\n\n<p><strong>Nachhaltigkeit<\/strong> ist zentraler Anspruch: Wasserspartechnik, recyclingf\u00e4hige Werkstoffe, emissionsfreie Produktion und schmutzabweisende Oberfl\u00e4chen geh\u00f6ren inzwischen zum Standard. Auch Upcycling, Kreislaufwirtschaft und \u201eDesign for All\u201c gewinnen an Relevanz. Laut Schmid steht 2026 unter dem Motto: <strong>\u201eIntelligenz trifft Emotion\u201c<\/strong> \u2013 mit individualisierbaren B\u00e4dern aus kreislauff\u00e4higen Materialien und hoher gestalterischer Qualit\u00e4t.<\/p>\n\n\n\n<p>Weitere Informationen: <a class=\"\" href=\"https:\/\/www.reisser.de\">www.reisser.de<\/a><\/p>\n","protected":false},"excerpt":{"rendered":"<p>B\u00e4der im Wandel: Der Badbereich wird immer st\u00e4rker zum Spiegel des gesellschaftlichen Wandels \u2013 individuell, nachhaltig, \u00e4sthetisch. Warme, matte Farben wie Salbeigr\u00fcn, nat\u00fcrliche Materialien und fugenlose Fl\u00e4chen pr\u00e4gen die Gestaltung. Technische Innovationen wie sp\u00fclrandlose WCs, Walk-in-Duschen oder wasser- und energieeffiziente Systeme werden zum Standard. Nachhaltigkeit ist kein Zusatz mehr, sondern Erwartung. REISSER-Experte Patrick Schmid sieht das Bad k\u00fcnftig als designorientierten Lebensraum mit Funktion f\u00fcr alle Generationen.<\/p>\n","protected":false},"author":1,"featured_media":23187,"comment_status":"closed","ping_status":"closed","sticky":false,"template":"","format":"standard","meta":{"colormag_page_container_layout":"default_layout","colormag_page_sidebar_layout":"default_layout","_jetpack_memberships_contains_paid_content":false,"footnotes":""},"categories":[16927],"tags":[19277,19276,3982,17846,2272,2325,19278],"class_list":["post-23200","post","type-post","status-publish","format-standard","has-post-thumbnail","hentry","category-interiors-design","tag-baddesign","tag-badtrends","tag-nachhaltigkeit","tag-reisser","tag-sanitaer","tag-shk","tag-walkindusche"],"jetpack_featured_media_url":"https:\/\/deinenergieportal.de\/wp-content\/uploads\/2025\/06\/REISSER_Ausstellung_Deizisau4.webp","jetpack_sharing_enabled":true,"_links":{"self":[{"href":"https:\/\/deinenergieportal.de\/index.php?rest_route=\/wp\/v2\/posts\/23200","targetHints":{"allow":["GET"]}}],"collection":[{"href":"https:\/\/deinenergieportal.de\/index.php?rest_route=\/wp\/v2\/posts"}],"about":[{"href":"https:\/\/deinenergieportal.de\/index.php?rest_route=\/wp\/v2\/types\/post"}],"author":[{"embeddable":true,"href":"https:\/\/deinenergieportal.de\/index.php?rest_route=\/wp\/v2\/users\/1"}],"replies":[{"embeddable":true,"href":"https:\/\/deinenergieportal.de\/index.php?rest_route=%2Fwp%2Fv2%2Fcomments&post=23200"}],"version-history":[{"count":1,"href":"https:\/\/deinenergieportal.de\/index.php?rest_route=\/wp\/v2\/posts\/23200\/revisions"}],"predecessor-version":[{"id":23201,"href":"https:\/\/deinenergieportal.de\/index.php?rest_route=\/wp\/v2\/posts\/23200\/revisions\/23201"}],"wp:featuredmedia":[{"embeddable":true,"href":"https:\/\/deinenergieportal.de\/index.php?rest_route=\/wp\/v2\/media\/23187"}],"wp:attachment":[{"href":"https:\/\/deinenergieportal.de\/index.php?rest_route=%2Fwp%2Fv2%2Fmedia&parent=23200"}],"wp:term":[{"taxonomy":"category","embeddable":true,"href":"https:\/\/deinenergieportal.de\/index.php?rest_route=%2Fwp%2Fv2%2Fcategories&post=23200"},{"taxonomy":"post_tag","embeddable":true,"href":"https:\/\/deinenergieportal.de\/index.php?rest_route=%2Fwp%2Fv2%2Ftags&post=23200"}],"curies":[{"name":"wp","href":"https:\/\/api.w.org\/{rel}","templated":true}]}}