{"id":21184,"date":"2024-07-23T11:01:27","date_gmt":"2024-07-23T09:01:27","guid":{"rendered":"https:\/\/deinenergieportal.de\/?p=21184"},"modified":"2024-07-17T12:14:22","modified_gmt":"2024-07-17T10:14:22","slug":"waermepumpe-nachruesten-bei-enger-bebauung-geht-sogar-unter-dem-dach","status":"publish","type":"post","link":"https:\/\/deinenergieportal.de\/?p=21184","title":{"rendered":"W\u00e4rmepumpe nachr\u00fcsten bei enger Bebauung &#8211; geht sogar unter dem Dach"},"content":{"rendered":"\n<p>Autor\/Redakteur: <a href=\"https:\/\/www.alpha-innotec.com\/de\">Andreas Kirchbach, Brand Manager bei der ait-deutschland GmbH<\/a>\/gg<\/p>\n\n\n\n<p>Im Reihenhausneubau ist der Platz f\u00fcr eine W\u00e4rmepumpe in Haus und Garten meist knapp bemessen. Bei der Nachr\u00fcstung im Altbau m\u00fcssen dazu oft noch schmale und steile Treppenaufg\u00e4nge sowie enge T\u00fcren \u00fcberwunden werden. Speziell in dieser Situation sind kompakte und leise Monoblock-W\u00e4rmepumpen f\u00fcr die Innenaufstellung, die vom Keller bis zum Dach flexibel installiert werden k\u00f6nnen, eine gute L\u00f6sung.<\/p>\n\n\n\n<figure class=\"wp-block-image size-large\"><a href=\"https:\/\/deinenergieportal.de\/wp-content\/uploads\/2024\/07\/Paros_Visualisierung_Dachschraege_3D-002-scaled.webp\"><img loading=\"lazy\" decoding=\"async\" width=\"1024\" height=\"576\" src=\"https:\/\/deinenergieportal.de\/wp-content\/uploads\/2024\/07\/Paros_Visualisierung_Dachschraege_3D-002-1024x576.webp\" alt=\"\" class=\"wp-image-21186\" srcset=\"https:\/\/deinenergieportal.de\/wp-content\/uploads\/2024\/07\/Paros_Visualisierung_Dachschraege_3D-002-1024x576.webp 1024w, https:\/\/deinenergieportal.de\/wp-content\/uploads\/2024\/07\/Paros_Visualisierung_Dachschraege_3D-002-300x169.webp 300w, https:\/\/deinenergieportal.de\/wp-content\/uploads\/2024\/07\/Paros_Visualisierung_Dachschraege_3D-002-768x432.webp 768w, https:\/\/deinenergieportal.de\/wp-content\/uploads\/2024\/07\/Paros_Visualisierung_Dachschraege_3D-002-1536x864.webp 1536w, https:\/\/deinenergieportal.de\/wp-content\/uploads\/2024\/07\/Paros_Visualisierung_Dachschraege_3D-002-2048x1152.webp 2048w, https:\/\/deinenergieportal.de\/wp-content\/uploads\/2024\/07\/Paros_Visualisierung_Dachschraege_3D-002-1320x743.webp 1320w\" sizes=\"auto, (max-width: 1024px) 100vw, 1024px\" \/><\/a><figcaption class=\"wp-element-caption\">Kompakte Luft\/Wasser-W\u00e4rmepumpen k\u00f6nnen auf Dachb\u00f6den installiert werden. (Bild: ait-deutschland)<\/figcaption><\/figure>\n\n\n\n<!--more-->\n\n\n\n<p><strong>Wenn der Platz im Neubau begrenzt ist<\/strong><\/p>\n\n\n\n<p>Bauland ist knapp und teuer. Ein Reihenhausgrundst\u00fcck in beliebter Lage hat heute kaum mehr als plusminus 200 Quadratmeter Fl\u00e4che. Oft verzichten die Baufamilien auf einen Keller, um das Budget m\u00f6glichst klein zu halten und es wird um die Nutzung des verbleibenden Platzes im Wohnbereich gerungen. Von der Waschmaschine \u00fcber Heizung und Warmwasserspeicher bis hin zu Lagerfl\u00e4chen und Hobbyraum muss alles untergebracht werden. Bei einer kleinen Grundst\u00fccksfl\u00e4che wird naturgem\u00e4\u00df mit dem Platz im Au\u00dfenbereich gegeizt.<\/p>\n\n\n\n<p><strong>Wenn eine Au\u00dfenw\u00e4rmepumpe beim Heizungstausch keine Option ist<\/strong><\/p>\n\n\n\n<p>Steht der Altbau in einer eng bebauten, eingewachsenen Siedlung und ist die Wohnfl\u00e4che klein, wird der Austausch der fossilen Heizung gegen eine umweltfreundliche W\u00e4rmepumpe oft eine echte Herausforderung. Zumal, wenn man von vorneherein wei\u00df, dass ein Teil der Nachbarschaft beim Anblick einer W\u00e4rmepumpe im Garten lautstark protestieren wird. Da kann das Ger\u00e4t noch so gut schalloptimiert sein.<\/p>\n\n\n\n<p>Ein Erfahrungsbericht aus Weimar zeigt, dass es auch f\u00fcr diese Bedingungen eine passende L\u00f6sung gibt. In einem Reihenendhaus aus dem Jahr 1996 mit zweischaligem Mauerwerk und 120 Quadratmeter Wohnfl\u00e4che sichert eine im Keller aufgestellte Monoblock-W\u00e4rmepumpe in Kombination mit einer Photovoltaikanlage die Unabh\u00e4ngigkeit von \u00d6l und Gas und l\u00e4uft dar\u00fcber hinaus mit einem \u00fcberraschend niedrigen Stromverbrauch. Stefan Schellenberg, Gesch\u00e4ftsf\u00fchrer der Zumbusch Geb\u00e4udetechnik im th\u00fcringischen Vacha, hatte eine Paros W\u00e4rmepumpe mit vier kW des Herstellers alpha innotec empfohlen.<\/p>\n\n\n\n<p>Schellenberg erz\u00e4hlt, dass er zu Anfang schon ein bisschen baff gewesen sei, weil es in der Siedlung so eng war. \u201eDie normale Luft\/Wasser-W\u00e4rmepumpe f\u00fcr die Au\u00dfenaufstellung h\u00e4tte hier mit Sicherheit gar nicht funktioniert.\u201c<\/p>\n\n\n\n<p>Die Rohre f\u00fcr die Zu- und Abfuhr der Luft wurden durch einen Lichtschacht im Keller gef\u00fchrt. Das Luftkanalsystem erlaubt einen minimalen Abstand von nur einem Meter zwischen den beiden Durchf\u00fchrungen ohne die Gefahr thermischer Kurzschl\u00fcsse. Es ist also ausgeschlossen, dass die aus der W\u00e4rmepumpe abgef\u00fchrte k\u00fchle Luft sofort wieder eingesaugt wird. Mit einem Schalleistungspegel von 48dB(A) und 45dB(A) im Nachtmodus verursacht sie auch im dem kleinen Reihenhaus keine st\u00f6renden Ger\u00e4usche.<\/p>\n\n\n\n<p>Alternativ k\u00f6nnte das kompakte und mit einem Gewicht von etwas mehr als 100 Kilo auch sehr leichte Ger\u00e4t im Dachgeschoss stehen. Dann wird die Luft wahlweise seitlich, nach hinten oder nach oben durch die Wand oder das Dach zugef\u00fchrt und wieder abgef\u00fchrt.<\/p>\n\n\n\n<p>Hausherr Wolfgang Andr\u00e4 zum Energiebedarf vorher und nachher: \u201eVorher haben wir im Durchschnitt ungef\u00e4hr 9.000 Kilowattstunden Gas pro Jahr verbraucht. Dazu kam noch ein Stromverbrauch von 2.900 Kilowattstunden. Jetzt, mit meiner Photovoltaik Anlage oben auf dem Dach und meiner W\u00e4rmepumpe, habe ich nur noch einen Strombedarf von 1.800 Kilowattstunden, sonst nichts.\u201c<\/p>\n\n\n\n<p>Schellenberg erg\u00e4nzt: \u201eDie Anlage l\u00e4uft sehr gut und hat uns eigentlich vom Stromverbrauch sehr \u00fcberrascht. Wir haben sie zu Beginn immer wieder optimiert, denn sie soll ja m\u00f6glichst 24 Stunden ohne Nachtabsenkung durchlaufen und nicht ins Takten kommen.\u201c <\/p>\n\n\n\n<p><strong>Fazit<\/strong><\/p>\n\n\n\n<p>Auch enge Platzverh\u00e4ltnisse und dichte Bebauung sind f\u00fcr eine kompakte Monoblock-W\u00e4rmepumpe kein Hindernis. Sie kann flexibel vom Keller bis zum Dachboden installiert werden. Wichtig sind aber in jedem Fall eine durchdachte Luftf\u00fchrung sowie eine professionelle Einstellung von Steuerung und Heizkreislauf.<a id=\"_msocom_1\"><\/a><\/p>\n","protected":false},"excerpt":{"rendered":"<p>Im Reihenhausneubau ist der Platz f\u00fcr eine W\u00e4rmepumpe in Haus und Garten meist knapp bemessen. Bei der Nachr\u00fcstung im Altbau m\u00fcssen dazu oft noch schmale und steile Treppenaufg\u00e4nge sowie enge T\u00fcren \u00fcberwunden werden. Speziell in dieser Situation sind kompakte und leise Monoblock-W\u00e4rmepumpen f\u00fcr die Innenaufstellung, die vom Keller bis zum Dach flexibel installiert werden k\u00f6nnen, eine gute L\u00f6sung.<\/p>\n","protected":false},"author":1,"featured_media":21186,"comment_status":"closed","ping_status":"closed","sticky":false,"template":"","format":"standard","meta":{"colormag_page_container_layout":"default_layout","colormag_page_sidebar_layout":"default_layout","_jetpack_memberships_contains_paid_content":false,"footnotes":""},"categories":[699,7325],"tags":[9812,7242,5082,9232,197,5145],"class_list":["post-21184","post","type-post","status-publish","format-standard","has-post-thumbnail","hentry","category-artikel","category-heizung","tag-alpha-innotec","tag-bau","tag-heizungstausch","tag-platz","tag-sanierung","tag-warmepumpe"],"jetpack_featured_media_url":"https:\/\/deinenergieportal.de\/wp-content\/uploads\/2024\/07\/Paros_Visualisierung_Dachschraege_3D-002-scaled.webp","jetpack_sharing_enabled":true,"_links":{"self":[{"href":"https:\/\/deinenergieportal.de\/index.php?rest_route=\/wp\/v2\/posts\/21184","targetHints":{"allow":["GET"]}}],"collection":[{"href":"https:\/\/deinenergieportal.de\/index.php?rest_route=\/wp\/v2\/posts"}],"about":[{"href":"https:\/\/deinenergieportal.de\/index.php?rest_route=\/wp\/v2\/types\/post"}],"author":[{"embeddable":true,"href":"https:\/\/deinenergieportal.de\/index.php?rest_route=\/wp\/v2\/users\/1"}],"replies":[{"embeddable":true,"href":"https:\/\/deinenergieportal.de\/index.php?rest_route=%2Fwp%2Fv2%2Fcomments&post=21184"}],"version-history":[{"count":1,"href":"https:\/\/deinenergieportal.de\/index.php?rest_route=\/wp\/v2\/posts\/21184\/revisions"}],"predecessor-version":[{"id":21187,"href":"https:\/\/deinenergieportal.de\/index.php?rest_route=\/wp\/v2\/posts\/21184\/revisions\/21187"}],"wp:featuredmedia":[{"embeddable":true,"href":"https:\/\/deinenergieportal.de\/index.php?rest_route=\/wp\/v2\/media\/21186"}],"wp:attachment":[{"href":"https:\/\/deinenergieportal.de\/index.php?rest_route=%2Fwp%2Fv2%2Fmedia&parent=21184"}],"wp:term":[{"taxonomy":"category","embeddable":true,"href":"https:\/\/deinenergieportal.de\/index.php?rest_route=%2Fwp%2Fv2%2Fcategories&post=21184"},{"taxonomy":"post_tag","embeddable":true,"href":"https:\/\/deinenergieportal.de\/index.php?rest_route=%2Fwp%2Fv2%2Ftags&post=21184"}],"curies":[{"name":"wp","href":"https:\/\/api.w.org\/{rel}","templated":true}]}}