{"id":20122,"date":"2024-02-02T10:35:22","date_gmt":"2024-02-02T09:35:22","guid":{"rendered":"https:\/\/deinenergieportal.de\/?p=20122"},"modified":"2024-01-31T11:12:48","modified_gmt":"2024-01-31T10:12:48","slug":"wohlfuehlklima-an-365-tagen-im-jahr","status":"publish","type":"post","link":"https:\/\/deinenergieportal.de\/?p=20122","title":{"rendered":"Wohlf\u00fchlklima an 365 Tagen im Jahr"},"content":{"rendered":"\n<figure class=\"wp-block-image size-large\"><a href=\"https:\/\/deinenergieportal.de\/wp-content\/uploads\/2024\/02\/Trend2_Mitsubishi_MEU_SER23_11_Onlinemedia_DINA5_DE_LY01_09-002.jpg\"><img loading=\"lazy\" decoding=\"async\" width=\"1024\" height=\"420\" src=\"https:\/\/deinenergieportal.de\/wp-content\/uploads\/2024\/02\/Trend2_Mitsubishi_MEU_SER23_11_Onlinemedia_DINA5_DE_LY01_09-002-1024x420.jpg\" alt=\"\" class=\"wp-image-20158\" srcset=\"https:\/\/deinenergieportal.de\/wp-content\/uploads\/2024\/02\/Trend2_Mitsubishi_MEU_SER23_11_Onlinemedia_DINA5_DE_LY01_09-002-1024x420.jpg 1024w, https:\/\/deinenergieportal.de\/wp-content\/uploads\/2024\/02\/Trend2_Mitsubishi_MEU_SER23_11_Onlinemedia_DINA5_DE_LY01_09-002-300x123.jpg 300w, https:\/\/deinenergieportal.de\/wp-content\/uploads\/2024\/02\/Trend2_Mitsubishi_MEU_SER23_11_Onlinemedia_DINA5_DE_LY01_09-002-768x315.jpg 768w, https:\/\/deinenergieportal.de\/wp-content\/uploads\/2024\/02\/Trend2_Mitsubishi_MEU_SER23_11_Onlinemedia_DINA5_DE_LY01_09-002-1536x630.jpg 1536w, https:\/\/deinenergieportal.de\/wp-content\/uploads\/2024\/02\/Trend2_Mitsubishi_MEU_SER23_11_Onlinemedia_DINA5_DE_LY01_09-002-1320x541.jpg 1320w, https:\/\/deinenergieportal.de\/wp-content\/uploads\/2024\/02\/Trend2_Mitsubishi_MEU_SER23_11_Onlinemedia_DINA5_DE_LY01_09-002.jpg 1646w\" sizes=\"auto, (max-width: 1024px) 100vw, 1024px\" \/><\/a><figcaption class=\"wp-element-caption\">Quelle: DeinEnergieportal\/Mitsubishi Electric<\/figcaption><\/figure>\n\n\n\n<p>Wenn es um Wohlbefinden in den eigenen vier W\u00e4nden geht, setzen die Klimager\u00e4te der M-Serie von Mitsubishi Electric den Ma\u00dfstab: Hocheffizient, leise, smart, intuitiv zu bedienen \u2013 beim Klimatisieren ebenso, wie beim Heizen an kalten Tagen! Dank moderner Filtertechnologie befreien sie die Raumluft au\u00dferdem zuverl\u00e4ssig von Bakterien, Viren, Ger\u00fcchen und Allergenen.<\/p>\n\n\n\n<p>Weitere Informationen: <a href=\"https:\/\/www.mitsubishi-les.com\/de-de\/\">Ihr Hersteller f\u00fcrs K\u00fchlen, Heizen &amp; L\u00fcften | Mitsubishi Electric (mitsubishi-les.com)<\/a><\/p>\n","protected":false},"excerpt":{"rendered":"<p>Wenn es um Wohlbefinden in den eigenen vier W\u00e4nden geht, setzen die Klimager\u00e4te der M-Serie von Mitsubishi Electric den Ma\u00dfstab: Hocheffizient, leise, smart, intuitiv zu bedienen \u2013 beim Klimatisieren ebenso, wie beim Heizen an kalten Tagen! Dank moderner Filtertechnologie befreien sie die Raumluft au\u00dferdem zuverl\u00e4ssig von Bakterien, Viren, Ger\u00fcchen und Allergenen.<\/p>\n","protected":false},"author":1,"featured_media":20158,"comment_status":"closed","ping_status":"closed","sticky":false,"template":"","format":"standard","meta":{"colormag_page_container_layout":"default_layout","colormag_page_sidebar_layout":"default_layout","_jetpack_memberships_contains_paid_content":false,"footnotes":""},"categories":[3450,7325],"tags":[15956,5194,1518,1139,15955,6670,12352],"class_list":["post-20122","post","type-post","status-publish","format-standard","has-post-thumbnail","hentry","category-advertorials","category-heizung","tag-allergenen","tag-filter","tag-heizen","tag-klimagerat","tag-klimatisieren","tag-mitsubishi-electric","tag-viren"],"jetpack_featured_media_url":"https:\/\/deinenergieportal.de\/wp-content\/uploads\/2024\/02\/Trend2_Mitsubishi_MEU_SER23_11_Onlinemedia_DINA5_DE_LY01_09-002.jpg","jetpack_sharing_enabled":true,"_links":{"self":[{"href":"https:\/\/deinenergieportal.de\/index.php?rest_route=\/wp\/v2\/posts\/20122","targetHints":{"allow":["GET"]}}],"collection":[{"href":"https:\/\/deinenergieportal.de\/index.php?rest_route=\/wp\/v2\/posts"}],"about":[{"href":"https:\/\/deinenergieportal.de\/index.php?rest_route=\/wp\/v2\/types\/post"}],"author":[{"embeddable":true,"href":"https:\/\/deinenergieportal.de\/index.php?rest_route=\/wp\/v2\/users\/1"}],"replies":[{"embeddable":true,"href":"https:\/\/deinenergieportal.de\/index.php?rest_route=%2Fwp%2Fv2%2Fcomments&post=20122"}],"version-history":[{"count":2,"href":"https:\/\/deinenergieportal.de\/index.php?rest_route=\/wp\/v2\/posts\/20122\/revisions"}],"predecessor-version":[{"id":20160,"href":"https:\/\/deinenergieportal.de\/index.php?rest_route=\/wp\/v2\/posts\/20122\/revisions\/20160"}],"wp:featuredmedia":[{"embeddable":true,"href":"https:\/\/deinenergieportal.de\/index.php?rest_route=\/wp\/v2\/media\/20158"}],"wp:attachment":[{"href":"https:\/\/deinenergieportal.de\/index.php?rest_route=%2Fwp%2Fv2%2Fmedia&parent=20122"}],"wp:term":[{"taxonomy":"category","embeddable":true,"href":"https:\/\/deinenergieportal.de\/index.php?rest_route=%2Fwp%2Fv2%2Fcategories&post=20122"},{"taxonomy":"post_tag","embeddable":true,"href":"https:\/\/deinenergieportal.de\/index.php?rest_route=%2Fwp%2Fv2%2Ftags&post=20122"}],"curies":[{"name":"wp","href":"https:\/\/api.w.org\/{rel}","templated":true}]}}