{"id":19640,"date":"2023-12-02T12:20:56","date_gmt":"2023-12-02T11:20:56","guid":{"rendered":"https:\/\/deinenergieportal.de\/?p=19640"},"modified":"2023-11-22T12:31:33","modified_gmt":"2023-11-22T11:31:33","slug":"das-center-of-climate-von-zehnder-sorgt-fuer-eine-individuelle-kundenansprache","status":"publish","type":"post","link":"https:\/\/deinenergieportal.de\/?p=19640","title":{"rendered":"Das &#8222;Center of Climate&#8220; von Zehnder sorgt f\u00fcr eine individuelle Kundenansprache"},"content":{"rendered":"\n<p>Auch n\u00e4chstes Jahr will Zehnder sich bei der Ansprache der Kunden nach eigener Aussage auf eine serviceorientierte und individuelle Betreuung der Marktpartner fokussieren. Dazu wurde das Schulungsangebot, das in der Zehnder Akademie bereitsteht, in vielerlei Hinsicht neu konzipiert. Es stellt nun sowohl als digitale Option, als auch in im Zehnder &#8222;Center of Climate&#8220; vorhandenen Pr\u00e4senzen einen Schwerpunkt dar. Dar\u00fcber hinaus erhalten die Personen, die an den Schulungen teilnehmen, die Option, einen Blick auf die Produktion in Lahr zu werfen.<\/p>\n\n\n\n<figure class=\"wp-block-image size-large\"><a href=\"https:\/\/deinenergieportal.de\/wp-content\/uploads\/2023\/11\/PM_Zehnder_Fokus_Kundenansprache_2024_Motiv_2_300dpi-scaled.jpg\"><img loading=\"lazy\" decoding=\"async\" width=\"1024\" height=\"683\" src=\"https:\/\/deinenergieportal.de\/wp-content\/uploads\/2023\/11\/PM_Zehnder_Fokus_Kundenansprache_2024_Motiv_2_300dpi-1024x683.jpg\" alt=\"\" class=\"wp-image-19642\" srcset=\"https:\/\/deinenergieportal.de\/wp-content\/uploads\/2023\/11\/PM_Zehnder_Fokus_Kundenansprache_2024_Motiv_2_300dpi-1024x683.jpg 1024w, https:\/\/deinenergieportal.de\/wp-content\/uploads\/2023\/11\/PM_Zehnder_Fokus_Kundenansprache_2024_Motiv_2_300dpi-300x200.jpg 300w, https:\/\/deinenergieportal.de\/wp-content\/uploads\/2023\/11\/PM_Zehnder_Fokus_Kundenansprache_2024_Motiv_2_300dpi-768x512.jpg 768w, https:\/\/deinenergieportal.de\/wp-content\/uploads\/2023\/11\/PM_Zehnder_Fokus_Kundenansprache_2024_Motiv_2_300dpi-1536x1025.jpg 1536w, https:\/\/deinenergieportal.de\/wp-content\/uploads\/2023\/11\/PM_Zehnder_Fokus_Kundenansprache_2024_Motiv_2_300dpi-2048x1366.jpg 2048w, https:\/\/deinenergieportal.de\/wp-content\/uploads\/2023\/11\/PM_Zehnder_Fokus_Kundenansprache_2024_Motiv_2_300dpi-1320x880.jpg 1320w\" sizes=\"auto, (max-width: 1024px) 100vw, 1024px\" \/><\/a><figcaption class=\"wp-element-caption\">Quelle: Zehnder Group Deutschland GmbH, Lahr<\/figcaption><\/figure>\n\n\n\n<!--more-->\n\n\n\n<p>Abgesehen davon k\u00f6nnen sie auch den Markenerlebnisraum im Center of Climate erleben. Um seine Ressourcen zu b\u00fcndeln, wird Zehnder n\u00e4chstes Jahr auf eine Teilnahme an den Regionalmessen verzichten.<\/p>\n\n\n\n<p>Zur St\u00e4rkung der pers\u00f6nlichen Kundenn\u00e4he bietet die Zehnder Akademie allen Marktpartnern in den hochmodernen R\u00e4umlichkeiten des im Fr\u00fchjahr 2023 er\u00f6ffneten Center of Climate ein komplett \u00fcberarbeitetes Schulungsangebot. Die aktuell an die Marktsituation angepassten Lerninhalte sind dabei modular aufgebaut und unterscheiden sich in Basis- und Experten-Trainings. Dar\u00fcber hinaus laden attraktive Schulungsmodule zum praktischen Anschauungsunterricht ein. Alternativ zur Pr\u00e4senzschulung wurden alle Lerninhalte auch auf die spezifischen Online-Bed\u00fcrfnisse zugeschnitten und k\u00f6nnen \u00fcber die Wissensplattform der Zehnder Digital Akademie abgerufen werden.<\/p>\n\n\n\n<p>Zehnder wird au\u00dferdem seine proaktiven Vertriebsma\u00dfnahmen verst\u00e4rken und die Kunden zu individuell angepassten und gef\u00fchrten Rundg\u00e4ngen durch das Werk in Lahr sowie den Markenerlebnisraum im Center of Climate einladen. Dort erleben die Besucher nach dem Motto \u201ePure Living \u2013 Gesundes Wohnen und Arbeiten mit Zehnder\u201c hautnah alle Kompetenzbereiche von Zehnder: Design-Heizk\u00f6rper, Komfortl\u00fcftung, Heiz- und K\u00fchldecken sowie industrielle Luftreinigungssysteme. Seine pers\u00f6nliche und nachhaltige Ansprache der Marktpartner wird Zehnder auch \u00fcber AUFWIND, seinem Partnerprogramm f\u00fcr L\u00fcftungsexperten, weiter forcieren.<\/p>\n\n\n\n<p>Um seine Ressourcen zu b\u00fcndeln und sich ganz auf die genannten Schulungs- und Vertriebsaktivit\u00e4ten zu konzentrieren, verzichtet Zehnder n\u00e4chstes Jahr auf eine Teilnahme an den Regionalmessen in Essen, N\u00fcrnberg und Hamburg. Die Nichtteilnahme an den n\u00e4chstj\u00e4hrigen Regionalmessen bedeutet f\u00fcr Zehnder jedoch keineswegs eine allgemeine Abkehr von Messen. Grunds\u00e4tzlich sch\u00e4tzt Zehnder die Messe nach wie vor als wichtiges Kommunikationsinstrument und bewertet zuk\u00fcnftige Messeteilnahmen auch weiterhin immer aktualit\u00e4tsbezogen.<\/p>\n\n\n\n<p>Weitere Informationen: <a href=\"https:\/\/www.zehnder-systems.de\/de\/zuhause-endverbraucher\">Design-Heizk\u00f6rper &amp; Wohnrauml\u00fcftung f\u00fcr Ihr Zuhause | Zehnder Systems (zehnder-systems.de)<\/a><\/p>\n","protected":false},"excerpt":{"rendered":"<p>Auch n\u00e4chstes Jahr will Zehnder sich bei der Ansprache der Kunden nach eigener Aussage auf eine serviceorientierte und individuelle Betreuung der Marktpartner fokussieren. Dazu wurde das Schulungsangebot, das in der Zehnder Akademie bereitsteht, in vielerlei Hinsicht neu konzipiert. Es stellt nun sowohl als digitale Option, als auch in im Zehnder &#8222;Center of Climate&#8220; vorhandenen Pr\u00e4senzen einen Schwerpunkt dar. Dar\u00fcber hinaus erhalten die Personen, die an den Schulungen teilnehmen, die Option, einen Blick auf die Produktion in Lahr zu werfen.<\/p>\n","protected":false},"author":1,"featured_media":19642,"comment_status":"closed","ping_status":"closed","sticky":false,"template":"","format":"standard","meta":{"colormag_page_container_layout":"default_layout","colormag_page_sidebar_layout":"default_layout","_jetpack_memberships_contains_paid_content":false,"footnotes":""},"categories":[7325,9732],"tags":[15822,15820,15821,7978,15823],"class_list":["post-19640","post","type-post","status-publish","format-standard","has-post-thumbnail","hentry","category-heizung","category-new-fuer-installateure-und-fachhandwerker","tag-center-of-climate","tag-kundenansprache","tag-marktpartner","tag-zehnder","tag-zehnder-akademie"],"jetpack_featured_media_url":"https:\/\/deinenergieportal.de\/wp-content\/uploads\/2023\/11\/PM_Zehnder_Fokus_Kundenansprache_2024_Motiv_2_300dpi-scaled.jpg","jetpack_sharing_enabled":true,"_links":{"self":[{"href":"https:\/\/deinenergieportal.de\/index.php?rest_route=\/wp\/v2\/posts\/19640","targetHints":{"allow":["GET"]}}],"collection":[{"href":"https:\/\/deinenergieportal.de\/index.php?rest_route=\/wp\/v2\/posts"}],"about":[{"href":"https:\/\/deinenergieportal.de\/index.php?rest_route=\/wp\/v2\/types\/post"}],"author":[{"embeddable":true,"href":"https:\/\/deinenergieportal.de\/index.php?rest_route=\/wp\/v2\/users\/1"}],"replies":[{"embeddable":true,"href":"https:\/\/deinenergieportal.de\/index.php?rest_route=%2Fwp%2Fv2%2Fcomments&post=19640"}],"version-history":[{"count":1,"href":"https:\/\/deinenergieportal.de\/index.php?rest_route=\/wp\/v2\/posts\/19640\/revisions"}],"predecessor-version":[{"id":19643,"href":"https:\/\/deinenergieportal.de\/index.php?rest_route=\/wp\/v2\/posts\/19640\/revisions\/19643"}],"wp:featuredmedia":[{"embeddable":true,"href":"https:\/\/deinenergieportal.de\/index.php?rest_route=\/wp\/v2\/media\/19642"}],"wp:attachment":[{"href":"https:\/\/deinenergieportal.de\/index.php?rest_route=%2Fwp%2Fv2%2Fmedia&parent=19640"}],"wp:term":[{"taxonomy":"category","embeddable":true,"href":"https:\/\/deinenergieportal.de\/index.php?rest_route=%2Fwp%2Fv2%2Fcategories&post=19640"},{"taxonomy":"post_tag","embeddable":true,"href":"https:\/\/deinenergieportal.de\/index.php?rest_route=%2Fwp%2Fv2%2Ftags&post=19640"}],"curies":[{"name":"wp","href":"https:\/\/api.w.org\/{rel}","templated":true}]}}