{"id":18636,"date":"2023-06-20T11:47:00","date_gmt":"2023-06-20T09:47:00","guid":{"rendered":"https:\/\/deinenergieportal.de\/?p=18636"},"modified":"2023-06-12T11:04:11","modified_gmt":"2023-06-12T09:04:11","slug":"solarpanel-zum-betreiben-von-ueberwachungskameras","status":"publish","type":"post","link":"https:\/\/deinenergieportal.de\/?p=18636","title":{"rendered":"Solarpanel zum Betreiben von \u00dcberwachungskameras"},"content":{"rendered":"\n<p>Die <a href=\"https:\/\/www.pearl.de\/mtrkw-12115-solarpanels-mit-usb-c-anschluss-fuer-akku-ueberwachungskameras.shtml\">Universal-Solarpanels<\/a> von <a href=\"https:\/\/www.pearl.de\/ar-2-55.shtml\">revolt<\/a> machen es m\u00f6glich, Akku-betriebene IP-\u00dcberwachungskameras und vergleichbare Ger\u00e4te unterbrechungsfrei und flexibel mit Solarstrom zu versorgen. Alternativ lassen sich die Panels auch nutzen, um in der Natur oder beim Campen Mobilger\u00e4te zu laden. Dazu ist es lediglich erforderlich, das Panel an einem sonnigen Ort anzubringen und das zu versorgende Ger\u00e4t mit Hilfe des langen Anschlusskabels zu verbinden. Dabei wird der Ladestecker des Panels einfach in die Ladebuchse des Ger\u00e4ts eingesteckt.<\/p>\n\n\n\n<figure class=\"wp-block-image size-large\"><a href=\"https:\/\/deinenergieportal.de\/wp-content\/uploads\/2023\/06\/ZX-5351_7_revolt_Solarpanel_Kamera.jpg\"><img loading=\"lazy\" decoding=\"async\" width=\"1024\" height=\"768\" src=\"https:\/\/deinenergieportal.de\/wp-content\/uploads\/2023\/06\/ZX-5351_7_revolt_Solarpanel_Kamera-1024x768.jpg\" alt=\"\" class=\"wp-image-18637\" srcset=\"https:\/\/deinenergieportal.de\/wp-content\/uploads\/2023\/06\/ZX-5351_7_revolt_Solarpanel_Kamera-1024x768.jpg 1024w, https:\/\/deinenergieportal.de\/wp-content\/uploads\/2023\/06\/ZX-5351_7_revolt_Solarpanel_Kamera-300x225.jpg 300w, https:\/\/deinenergieportal.de\/wp-content\/uploads\/2023\/06\/ZX-5351_7_revolt_Solarpanel_Kamera-768x576.jpg 768w, https:\/\/deinenergieportal.de\/wp-content\/uploads\/2023\/06\/ZX-5351_7_revolt_Solarpanel_Kamera.jpg 1305w\" sizes=\"auto, (max-width: 1024px) 100vw, 1024px\" \/><\/a><figcaption class=\"wp-element-caption\">Copyright: PEARL GmbH \/\u00a0<a rel=\"noreferrer noopener\" href=\"http:\/\/www.pearl.de\" target=\"_blank\">www.pearl.de<\/a><\/figcaption><\/figure>\n\n\n\n<!--more-->\n\n\n\n<p>Das kompakte und leichte Panel l\u00e4sst sich beispielsweise zum Campen oder Zelten mitnehmen. Schon l\u00e4dt man Smartphone, MP3-Player, E-Book-Reader und mehr mit Sonnenenergie auf.<\/p>\n\n\n\n<ul class=\"wp-block-list\">\n<li>Solarstrom-Versorgung f\u00fcr akkubetriebenen IP-Kameras mit USB-C-Port<\/li>\n\n\n\n<li>Auch f\u00fcr andere Mobilger\u00e4te geeignet, zum Beispiel zum Laden von Smartphone, MP3-Player und E-Book-Reader beim Campen und Zelten<\/li>\n\n\n\n<li>Monokristalline Solarzellen mit hohem Wirkungsgrad und langer Lebensdauer<\/li>\n\n\n\n<li>Ausgangsspannung: 5 Volt<\/li>\n\n\n\n<li>Ladeleistung Solarmodul: 5 Watt<\/li>\n\n\n\n<li>Anschluss: USB-C-Stecker<\/li>\n\n\n\n<li>Kabell\u00e4nge: 3 Meter<\/li>\n\n\n\n<li>Flexibel ausrichtbare Montagehalterung<\/li>\n\n\n\n<li>Farbe Halterung und Geh\u00e4use: wei\u00df<\/li>\n\n\n\n<li>Wetterfest: IP65<\/li>\n\n\n\n<li>Ideal f\u00fcr den Outdoor-Bereich<\/li>\n\n\n\n<li>Ma\u00dfe: zirka 17 mal 16 mal 1 Zentimeter, Gewicht: 288 Gramm<\/li>\n\n\n\n<li>Solarpanel inklusive 3 m USB-Kabel, Halterung, Montagematerial und deutscher Anleitung<\/li>\n\n\n\n<li>EAN:\u00a04022107408936<\/li>\n<\/ul>\n\n\n\n<p>Weitere Informationen: <a rel=\"noreferrer noopener\" href=\"https:\/\/www.pearl.de\/a-ZX5351-1322.shtml\" target=\"_blank\">https:\/\/www.pearl.de\/a-ZX5351-1322.shtml<\/a><strong>\u00a0<\/strong><\/p>\n","protected":false},"excerpt":{"rendered":"<p>Die Universal-Solarpanels von revolt machen es m\u00f6glich, Akku-betriebene IP-\u00dcberwachungskameras und vergleichbare Ger\u00e4te unterbrechungsfrei und flexibel mit Solarstrom zu versorgen. Alternativ lassen sich die Panels auch nutzen, um in der Natur oder beim Campen Mobilger\u00e4te zu laden. Dazu ist es lediglich erforderlich, das Panel an einem sonnigen Ort anzubringen und das zu versorgende Ger\u00e4t mit Hilfe des langen Anschlusskabels zu verbinden. Dabei wird der Ladestecker des Panels einfach in die Ladebuchse des Ger\u00e4ts eingesteckt.<\/p>\n","protected":false},"author":2,"featured_media":18637,"comment_status":"closed","ping_status":"closed","sticky":false,"template":"","format":"standard","meta":{"colormag_page_container_layout":"default_layout","colormag_page_sidebar_layout":"default_layout","_jetpack_memberships_contains_paid_content":false,"footnotes":""},"categories":[3,66],"tags":[9138,5561,15368,15367,15288,5892],"class_list":["post-18636","post","type-post","status-publish","format-standard","has-post-thumbnail","hentry","category-news","category-photovoltaik","tag-ip-kamera","tag-laden","tag-mobilgeraet","tag-perl","tag-revolt","tag-solarpanel"],"jetpack_featured_media_url":"https:\/\/deinenergieportal.de\/wp-content\/uploads\/2023\/06\/ZX-5351_7_revolt_Solarpanel_Kamera.jpg","jetpack_sharing_enabled":true,"_links":{"self":[{"href":"https:\/\/deinenergieportal.de\/index.php?rest_route=\/wp\/v2\/posts\/18636","targetHints":{"allow":["GET"]}}],"collection":[{"href":"https:\/\/deinenergieportal.de\/index.php?rest_route=\/wp\/v2\/posts"}],"about":[{"href":"https:\/\/deinenergieportal.de\/index.php?rest_route=\/wp\/v2\/types\/post"}],"author":[{"embeddable":true,"href":"https:\/\/deinenergieportal.de\/index.php?rest_route=\/wp\/v2\/users\/2"}],"replies":[{"embeddable":true,"href":"https:\/\/deinenergieportal.de\/index.php?rest_route=%2Fwp%2Fv2%2Fcomments&post=18636"}],"version-history":[{"count":1,"href":"https:\/\/deinenergieportal.de\/index.php?rest_route=\/wp\/v2\/posts\/18636\/revisions"}],"predecessor-version":[{"id":18638,"href":"https:\/\/deinenergieportal.de\/index.php?rest_route=\/wp\/v2\/posts\/18636\/revisions\/18638"}],"wp:featuredmedia":[{"embeddable":true,"href":"https:\/\/deinenergieportal.de\/index.php?rest_route=\/wp\/v2\/media\/18637"}],"wp:attachment":[{"href":"https:\/\/deinenergieportal.de\/index.php?rest_route=%2Fwp%2Fv2%2Fmedia&parent=18636"}],"wp:term":[{"taxonomy":"category","embeddable":true,"href":"https:\/\/deinenergieportal.de\/index.php?rest_route=%2Fwp%2Fv2%2Fcategories&post=18636"},{"taxonomy":"post_tag","embeddable":true,"href":"https:\/\/deinenergieportal.de\/index.php?rest_route=%2Fwp%2Fv2%2Ftags&post=18636"}],"curies":[{"name":"wp","href":"https:\/\/api.w.org\/{rel}","templated":true}]}}