{"id":13747,"date":"2021-04-19T11:38:00","date_gmt":"2021-04-19T09:38:00","guid":{"rendered":"https:\/\/deinenergieportal.de\/?p=13747"},"modified":"2021-04-13T10:52:02","modified_gmt":"2021-04-13T08:52:02","slug":"online-event-zum-beschleunigen-der-kommunalen-energiewende","status":"publish","type":"post","link":"https:\/\/deinenergieportal.de\/?p=13747","title":{"rendered":"Online-Event zum Beschleunigen der kommunalen Energiewende"},"content":{"rendered":"\n<p>Das Ziel, die Energiewende auf kommunaler Ebene zu beschleunigen und praktisch umzusetzen, verfolgt der Kongress &#8222;Klimaneutrale Kommunen&#8220;. Dieser findet jetzt am 22. und 23. April aufgrund der Corona-Pandemie online statt. Damit entfallen Reiseaufwand und Ansteckungsrisiko, daf\u00fcr wird das direkte Netzwerken leider etwas schwieriger. Die Teilnahme an der Veranstaltung ist auch spontan und kurzentschlossen m\u00f6glich.<\/p>\n\n\n\n<figure class=\"wp-block-image size-large\"><a href=\"https:\/\/deinenergieportal.de\/wp-content\/uploads\/2021\/04\/Programm.png\"><img loading=\"lazy\" decoding=\"async\" width=\"1024\" height=\"598\" src=\"https:\/\/deinenergieportal.de\/wp-content\/uploads\/2021\/04\/Programm-1024x598.png\" alt=\"\" class=\"wp-image-13748\" srcset=\"https:\/\/deinenergieportal.de\/wp-content\/uploads\/2021\/04\/Programm-1024x598.png 1024w, https:\/\/deinenergieportal.de\/wp-content\/uploads\/2021\/04\/Programm-300x175.png 300w, https:\/\/deinenergieportal.de\/wp-content\/uploads\/2021\/04\/Programm-768x448.png 768w, https:\/\/deinenergieportal.de\/wp-content\/uploads\/2021\/04\/Programm-1536x897.png 1536w, https:\/\/deinenergieportal.de\/wp-content\/uploads\/2021\/04\/Programm-1320x770.png 1320w, https:\/\/deinenergieportal.de\/wp-content\/uploads\/2021\/04\/Programm.png 1559w\" sizes=\"auto, (max-width: 1024px) 100vw, 1024px\" \/><\/a><figcaption>Screenshot: DeinEnergieportal<\/figcaption><\/figure>\n\n\n\n<!--more-->\n\n\n\n<p>Wir brauchen mehr Tempo bei der Energiewende, wenn die Pariser Klimaschutzziele in Deutschland noch erreicht werden sollen. Nach Meinung vieler Wissenschaftler sind die kommenden Jahre daf\u00fcr entscheidend. Gelingt es nicht, die Transformation wesentlich zu beschleunigen, werden alle sp\u00e4teren Anstrengungen den Klimawandel voraussichtlich nicht mehr aufhalten k\u00f6nnen. Bedeutsam f\u00fcr den Erfolg dieser Transformation ist \u2013 neben den regulatorischen Rahmenbedingungen und Anreizprogrammen auf nationaler Ebene \u2013 die Umsetzung auf kommunaler Ebene. Deshalb steht der Kongress Klimaneutrale Kommunen ganz im Zeichen der praktischen Umsetzung und Beschleunigung der Energiewende.<br><br>Der Kongress lebt von seiner Praxisn\u00e4he in den zw\u00f6lf Foren. Die Referentinnen und Referenten f\u00fchren jeweils mit maximal zehnmin\u00fctigen Vortr\u00e4gen in ihr Thema oder Projekt ein und stehen dann rund eine Stunde in offenen virtuellen Gruppendiskussionen f\u00fcr den Erfahrungsaustausch zur Verf\u00fcgung. Die Diskussionen in kleineren Gruppen bieten den Referierenden und Teilnehmenden besonders viel Raum, um ins Gespr\u00e4ch zu kommen und sich zu vernetzen.<br><br>Auf der digitalen Event-Plattform k\u00f6nnen die Teilnehmer und Teilnehmerinnen das einzigartige Kongressformat und den praktischen, informellen Austausch fast so erleben wie vor Ort. Die Veranstalter integrieren hierf\u00fcr verschiedene Networking-Tools, die M\u00f6glichkeit zu Chats und Video-Calls, eine interaktive Fachausstellung, ein Aussteller-Hopping und nat\u00fcrlich die virtuellen Gruppendiskussionen in die Event-Plattform. Die Teilnehmenden brauchen nur eine Webcam und ein Mikrofon an ihrem Endger\u00e4t, um live mit den Referenten und Referentinnen zu diskutieren, so wie sie es von der Pr\u00e4senzveranstaltung kennen. Auf diese Weise k\u00f6nnen die Teilnehmerinnen und Teilnehmer ein Thema unter verschiedenen Blickwinkeln betrachten und neue Ideen, praktische Tipps und Inspiration f\u00fcr ihre eigenen Projekte mitnehmen.<br><br><strong>Anpassen oder anpacken \u2013 was Kommunen gegen den Klimawandel tun<\/strong><br><br>In den Praxisforen werden in diesem Jahr unter anderem Klimafolgenanpassung, nachhaltige Mobilit\u00e4tskonzepte, Sektorkopplung, energetische Quartierskonzepte, interkommunale Zusammenarbeit, Windenergienutzung im l\u00e4ndlichen Raum, neue F\u00f6rderm\u00f6glichkeiten, kommunale W\u00e4rmepl\u00e4ne sowie Wasserstoff und Power-to-X behandelt. Im Er\u00f6ffnungsplenum wird Prof. J\u00f6rg Probst das Thema Klimaschutz ganzheitlich angehen \u2013 unter dem Titel \u201eVisionen und Realit\u00e4ten\u201c. Anschlie\u00dfend berichtet T\u00fcbingens Oberb\u00fcrgermeister Boris Palmer, wie er ganz realistisch bis 2030 das T\u00fcbinger CO2 loswerden und die Stadt als erste in Deutschland klimaneutral machen will.<\/p>\n\n\n\n<p>Das Thema kommunale W\u00e4rmepl\u00e4ne wird in den beiden Praxisforen vier und elf behandelt, hier aus erster Hand von Dr. Max Peters, Leiter des Kompetenzzentrums W\u00e4rmewende der KEA BW, Klimaschutz- und Energieagentur Baden-W\u00fcrttemberg. Das Beratungsunternehmen endura kommunal stellt das von ihm betreute Pilotprojekt \u201eInterkommunale W\u00e4rmeplanung im Landkreis L\u00f6rrach\u201c vor. Das ist Pflicht und K\u00fcr zugleich: Denn ohne W\u00e4rmewende keine Klimaneutralit\u00e4t.<br><br>Im Abschlussplenum beleuchtet Prof. Dr. Rudolf Juchelka von der Universit\u00e4t Duisburg-Essen Klimaneutralit\u00e4t und Nachhaltigkeitsstrategien als wirtschaftliche Standortfaktoren und Dr. Veit B\u00fcrger vom \u00d6ko-Institut Freiburg diktiert der Bundesregierung die Notwendigkeiten der W\u00e4rmewende ins Hausaufgabenheft. Zu erledigen bis sp\u00e4testens 2030! Sonst: \u201eVersetzung gef\u00e4hrdet!\u201c<br><br>Der Online-Kongress Klimaneutrale Kommunen wird von der Ingenieurkammer Baden-W\u00fcrttemberg mit sechs Fortbildungspunkten und bei der Architektenkammer Baden-W\u00fcrttemberg mit drei Unterrichtsstunden als Fortbildung angerechnet. Die Deutsche Energie-Agentur GmbH vergibt f\u00fcr die Energieeffizienz-Expertenliste sechs Unterrichtseinheiten f\u00fcr Wohngeb\u00e4ude, sechs Unterrichtseinheiten f\u00fcr Nichtwohngeb\u00e4ude und sechs Unterrichtseinheiten f\u00fcr Energieaudit DIN 16247\/Energieberatung Mittelstand. Das Kongressprogramm findet sich unter <a href=\"https:\/\/www.klimaneutrale-kommunen.de\/der-kongress\/programm\">https:\/\/www.klimaneutrale-kommunen.de\/der-kongress\/programm<\/a>, Tickets sind unter <a href=\"https:\/\/www.klimaneutrale-kommunen.de\/tickets\">https:\/\/www.klimaneutrale-kommunen.de\/tickets<\/a> erh\u00e4ltlich.<br><br><strong>Der Kongress Klimaneutrale Kommunen auf einen Blick:<\/strong><\/p>\n\n\n\n<p>Datum: Donnerstag, 22. April + Freitag, 23. April 2021<br>Ort: online (hopin)<br>Erwartete Teilnehmerzahl: rund 250<\/p>\n\n\n\n<p><strong>Preise:<\/strong><\/p>\n\n\n\n<p>Online-Kongressticket: 115,00 Euro zuz\u00fcglich Mehrwertsteuer<br>Online-Kongressticket f\u00fcr Kommunen, Beh\u00f6rden und Studenten: 65,00 Euro zuz\u00fcglich Mehrwertsteuer<\/p>\n\n\n\n<p>Weitere Informationen: <a href=\"http:\/\/www.fwtm.freiburg.de\">www.fwtm.freiburg.de<\/a> und <a href=\"http:\/\/www.fesa.de\">www.fesa.de<\/a><\/p>\n","protected":false},"excerpt":{"rendered":"<p>Das Ziel, die Energiewende auf kommunaler Ebene zu beschleunigen und praktisch umzusetzen, verfolgt der Kongress &#8222;Klimaneutrale Kommunen&#8220;. Dieser findet jetzt am 22. und 23. April aufgrund der Corona-Pandemie online statt. Damit entfallen Reiseaufwand und Ansteckungsrisiko, daf\u00fcr wird das direkte Netzwerken leider etwas schwieriger. Die Teilnahme an der Veranstaltung ist auch spontan und kurzentschlossen m\u00f6glich.<\/p>\n","protected":false},"author":1,"featured_media":13748,"comment_status":"closed","ping_status":"closed","sticky":false,"template":"","format":"standard","meta":{"colormag_page_container_layout":"default_layout","colormag_page_sidebar_layout":"default_layout","_jetpack_memberships_contains_paid_content":false,"footnotes":""},"categories":[3,4],"tags":[12025,440,13385,108,447],"class_list":["post-13747","post","type-post","status-publish","format-standard","has-post-thumbnail","hentry","category-news","category-termine","tag-corona","tag-energiewende","tag-klimaneutrale-kommunen","tag-kongress","tag-online"],"jetpack_featured_media_url":"https:\/\/deinenergieportal.de\/wp-content\/uploads\/2021\/04\/Programm.png","jetpack_sharing_enabled":true,"_links":{"self":[{"href":"https:\/\/deinenergieportal.de\/index.php?rest_route=\/wp\/v2\/posts\/13747","targetHints":{"allow":["GET"]}}],"collection":[{"href":"https:\/\/deinenergieportal.de\/index.php?rest_route=\/wp\/v2\/posts"}],"about":[{"href":"https:\/\/deinenergieportal.de\/index.php?rest_route=\/wp\/v2\/types\/post"}],"author":[{"embeddable":true,"href":"https:\/\/deinenergieportal.de\/index.php?rest_route=\/wp\/v2\/users\/1"}],"replies":[{"embeddable":true,"href":"https:\/\/deinenergieportal.de\/index.php?rest_route=%2Fwp%2Fv2%2Fcomments&post=13747"}],"version-history":[{"count":1,"href":"https:\/\/deinenergieportal.de\/index.php?rest_route=\/wp\/v2\/posts\/13747\/revisions"}],"predecessor-version":[{"id":13750,"href":"https:\/\/deinenergieportal.de\/index.php?rest_route=\/wp\/v2\/posts\/13747\/revisions\/13750"}],"wp:featuredmedia":[{"embeddable":true,"href":"https:\/\/deinenergieportal.de\/index.php?rest_route=\/wp\/v2\/media\/13748"}],"wp:attachment":[{"href":"https:\/\/deinenergieportal.de\/index.php?rest_route=%2Fwp%2Fv2%2Fmedia&parent=13747"}],"wp:term":[{"taxonomy":"category","embeddable":true,"href":"https:\/\/deinenergieportal.de\/index.php?rest_route=%2Fwp%2Fv2%2Fcategories&post=13747"},{"taxonomy":"post_tag","embeddable":true,"href":"https:\/\/deinenergieportal.de\/index.php?rest_route=%2Fwp%2Fv2%2Ftags&post=13747"}],"curies":[{"name":"wp","href":"https:\/\/api.w.org\/{rel}","templated":true}]}}