{"id":13468,"date":"2021-02-28T07:42:00","date_gmt":"2021-02-28T06:42:00","guid":{"rendered":"https:\/\/deinenergieportal.de\/?p=13468"},"modified":"2021-03-01T07:45:10","modified_gmt":"2021-03-01T06:45:10","slug":"nabu-foerderpreis-fuer-zehn-bio-betriebe","status":"publish","type":"post","link":"https:\/\/deinenergieportal.de\/?p=13468","title":{"rendered":"NABU-F\u00f6rderpreis f\u00fcr zehn Bio-Betriebe"},"content":{"rendered":"\n<p id=\"block-ea804d4e-5af9-4cae-9425-b397fe10caf3\">Insgesamt zehn Bio-Betriebe erhielten auf der virtuellen Biofach letzte Woche den F\u00f6rderpreis f\u00fcr Umstellung auf \u00d6kolandbau. Die Betriebe wurden daf\u00fcr ausgezeichnet, vorbildlich den gesamten Betrieb auf \u00d6kolandbau umgestellt zu haben und mit dem Preis \u201eGemeinsam Boden gut machen\u201c vom NABU belohnt.<\/p>\n\n\n\n<div id=\"block-4cc5b7d0-a09b-4308-8ebc-f33b49081870\" class=\"wp-block-image\"><figure class=\"aligncenter\"><img decoding=\"async\" src=\"https:\/\/www.tuttiisensi.de\/wp-content\/uploads\/2021\/02\/Bio_ABBI_Mueller_6600_Alnatura_Fotograf_Marc-Doradzillo_10cm-1024x576.jpg\" alt=\"Alnatura Bio-Bauern-Initiative - Aronia-Anbau Theo M\u00fcller\"\/><figcaption>10Alnatura Bio-Bauern-Initiative &#8211; Aronia-Anbau Theo M\u00fcller<\/figcaption><\/figure><\/div>\n\n\n\n<p id=\"block-5af37b90-83df-4f0b-ba01-3db232d179d2\">Die Betriebe bauen nun ihr Gem\u00fcse, Obst und Getreide komplett nach Bio-Kriterien an und \u00a0verzichten auf chemisch-synthetische Pflanzenschutzmittel oder halten h\u00f6here Standards bei der Tierhaltung ein. Bereits im Dezember haben sie im Rahmen des Projekts erste finanzielle Unterst\u00fctzung f\u00fcr die Umstellung erhalten. Die F\u00f6rderung soll den angehenden \u00d6ko-Betrieben dabei helfen, die Kosten f\u00fcr den Umbau zu decken und die zweij\u00e4hrige Umstellungsphase zu \u00fcberbr\u00fccken, in der sie bereits nach Bio-Kriterien wirtschaften, aber noch keine Bio-Preise erzielen.<\/p>\n\n\n\n<!--more-->\n\n\n\n<p id=\"block-c459606a-51c6-4715-9ff9-51dd75dba7d8\">&nbsp;Mit \u201eGemeinsam Boden gut machen\u201c bringt der NABU gemeinsam mit der \u201eAlnatura Bio-Bauern-Initiative\u201c (ABBI) und weiteren Herstellern der Bio-Branche den Ausbau der \u00f6kologischen Landwirtschaft in Deutschland weiter voran. So leisten sie einen wichtigen Beitrag, B\u00f6den und Gew\u00e4sser zu verbessern und die Artenvielfalt zu sch\u00fctzen. Fast 80 Landwirtinnen und Landwirte haben ihren Betrieb seit dem Start des Projekts 2015 auf \u00f6kologische Landwirtschaft umgestellt \u2013 eine Gesamtfl\u00e4che von rund 15.000 Hektar Land. In diesem Jahr wird auch die REWE Markt GmbH zur finanziellen Unterst\u00fctzung der landwirtschaftlichen Betriebe beitragen.<\/p>\n\n\n\n<p id=\"block-184b54be-d7e6-4246-8d00-ecf887b53427\">&nbsp;\u201eSeit \u00fcber 5 Jahren leisten die ausgezeichneten Landwirtinnen und Landwirte einen wertvollen Beitrag f\u00fcr den Klima- und Umweltschutz, f\u00fcr sauberes Grundwasser und gesunde B\u00f6den. Au\u00dferdem helfen sie dabei, die Biodiversit\u00e4t zu bewahren und Artenvielfalt zu sch\u00fctzen. Uns als NABU ist es daher ein besonderes Anliegen, landwirtschaftliche Betriebe beim oft schwierigen Weg zur \u00f6kologischen Landwirtschaft zu unterst\u00fctzen.\u201c (Leif Miller, NABU-Bundesgesch\u00e4ftsf\u00fchrer)<\/p>\n\n\n\n<p id=\"block-a32c5cb4-8c73-4f5f-a2fc-a77da89900f3\">&nbsp;\u201eWir freuen uns, dass wir nun schon im sechsten Jahr zur F\u00f6rderung des Bio-Landbaus beitragen k\u00f6nnen. Erm\u00f6glicht wird dieses freudige Jubil\u00e4um durch unsere Kundinnen und Kunden: Denn f\u00fcr jeden Kauf eines Alnatura-Produkts, das mit dem Label \u201aGemeinsam Boden gut machen\u2018 gekennzeichnet ist, flie\u00dft ein Cent in das F\u00f6rderprojekt des NABU.\u201c (G\u00f6tz Rehn, Alnatura-Gesch\u00e4ftsf\u00fchrer)<\/p>\n\n\n\n<p id=\"block-cdc36c7c-1215-45cf-8b30-f1221dbeb790\">&nbsp;\u201eDie Unterst\u00fctzung \u00f6kologischer Landwirtschaft schon in der Umstellungsphase ist ein bedeutendes Signal und eine wichtige Wertsch\u00e4tzung \u2013 denn der biologische Landbau ist besonders arbeitsintensiv. Wir freuen uns, diese Projekte unterst\u00fctzen zu k\u00f6nnen. REWE setzt sich seit \u00fcber 30 Jahren daf\u00fcr ein, den \u00d6ko-Landbau zu st\u00e4rken und nachhaltig biologisch produzierte Produkte einem breiteren Markt zug\u00e4nglich zu machen.\u201c (Dr. Daniela B\u00fcchel, REWE-Gesch\u00e4ftsf\u00fchrerin)<\/p>\n\n\n\n<p id=\"block-45b1d702-587d-4fe5-9c6e-7d9a1d2cbb69\">&nbsp;Das sind die ausgezeichneten Betriebe (mit Anbauverband)<\/p>\n\n\n\n<p id=\"block-33ab18be-00fd-400c-85aa-de68a9f2c569\">\u2022&nbsp;&nbsp;&nbsp;&nbsp;&nbsp;&nbsp;&nbsp;&nbsp;&nbsp;&nbsp;&nbsp;&nbsp; Wiesenhof \u2013 Andreas Aller (Naturland), Rheinland-Pfalz<br>\u2022&nbsp;&nbsp;&nbsp;&nbsp;&nbsp;&nbsp;&nbsp;&nbsp;&nbsp;&nbsp;&nbsp;&nbsp; Konradhof Unering (Bioland), Bayern<br>\u2022&nbsp;&nbsp;&nbsp;&nbsp;&nbsp;&nbsp;&nbsp;&nbsp;&nbsp;&nbsp;&nbsp;&nbsp; Bernd Halbritter (Demeter), Bayern<br>\u2022&nbsp;&nbsp;&nbsp;&nbsp;&nbsp;&nbsp;&nbsp;&nbsp;&nbsp;&nbsp;&nbsp;&nbsp; \u03a9-3-Bauernhof Hamel (Demeter), Hessen<br>\u2022&nbsp;&nbsp;&nbsp;&nbsp;&nbsp;&nbsp;&nbsp;&nbsp;&nbsp;&nbsp;&nbsp;&nbsp; Pfabhof (Naturland), Bayern<br>\u2022&nbsp;&nbsp;&nbsp;&nbsp;&nbsp;&nbsp;&nbsp;&nbsp;&nbsp;&nbsp;&nbsp;&nbsp; Unterleitenhof (Naturland), Bayern<br>\u2022&nbsp;&nbsp;&nbsp;&nbsp;&nbsp;&nbsp;&nbsp;&nbsp;&nbsp;&nbsp;&nbsp;&nbsp; Weinbau Nicolas Olinger (Bioland), Bayern<br>\u2022&nbsp;&nbsp;&nbsp;&nbsp;&nbsp;&nbsp;&nbsp;&nbsp;&nbsp;&nbsp;&nbsp;&nbsp; Bioland Hof Sonnenschein (Bioland), Niedersachsen<br>\u2022&nbsp;&nbsp;&nbsp;&nbsp;&nbsp;&nbsp;&nbsp;&nbsp;&nbsp;&nbsp;&nbsp;&nbsp; David\u2019s Biohof (Naturland), Mecklenburg-Vorpommern<br>\u2022&nbsp;&nbsp;&nbsp;&nbsp;&nbsp;&nbsp;&nbsp;&nbsp;&nbsp;&nbsp;&nbsp;&nbsp; Ziegenhof Stubenrauch (G\u00e4a), Sachsen<\/p>\n\n\n\n<p id=\"block-88ec7302-ea1e-4aeb-965c-1b829425f970\">Wer ist f\u00f6rderf\u00e4hig?<\/p>\n\n\n\n<p id=\"block-fc432a3a-afae-4d32-b96b-06bacd37b049\">Bewerben kann sich jeder und jede, der seinen landwirtschaftlichen Betrieb auf \u00f6kologische Bewirtschaftung umstellen oder seinen \u00d6kobetrieb um mindestens 30 Prozent erweitern m\u00f6chte. Der Betrieb muss sich au\u00dferdem einem Bio-Anbauverband in Deutschland anschlie\u00dfen. Gef\u00f6rdert werden auch Betriebe, die Bioprodukte direkt am Hof verarbeiten oder vermarkten. Bewerbungen werden ab dem 1. April 2021 angenommen. Ausf\u00fchrliche Informationen gibt es unter: <a href=\"http:\/\/www.nabu.de\/gbgm\">www.NABU.de\/gbgm<\/a><\/p>\n\n\n\n<p id=\"block-f2dd0e13-3901-4cd5-ab48-458fbaccbf53\">Hintergrund: EU-Agrarpolitik und \u00d6kolandbau in Deutschland<\/p>\n\n\n\n<p id=\"block-c285ab8d-3d24-4b90-b2a9-41bef4080a2d\">Noch immer ist die Landwirtschaft bei der Umstellung auf \u00d6kolandbau auf finanzielle Unterst\u00fctzung angewiesen, da die europ\u00e4ische Agrarpolitik bislang keine finanziellen Anreize bietet. Stattdessen hat die EU-Agrarpolitik dazu gef\u00fchrt, dass Wiesen und Felder immer intensiver bewirtschaftet werden \u2013 mit schwerwiegenden Folgen f\u00fcr die Artenvielfalt. Der Wissenschaftliche Beirat der Bundesregierung Globale Umweltver\u00e4nderungen (WBGU) empfiehlt die europ\u00e4ische Agrarpolitik mit effektiven Ma\u00dfnahmen umfassend zu \u00f6kologisieren und das System der Gemeinsamen Agrarpolitik in Europa (GAP) zu reformieren, damit Landwirtinnen und Landwirte f\u00fcr Umweltma\u00dfnahmen und den Erhalt der Biodiversit\u00e4t angemessen honoriert werden.<\/p>\n\n\n\n<p id=\"block-f5faad83-2213-49ee-be50-69ed654cc7e3\">Bei den aktuellen Verhandlungen zwischen EU-Kommission, EU-Parlament und Europ\u00e4ischem Rat (Trilog) zur Ausgestaltung der EU-Agrarpolitik m\u00fcssen die Ziele des Green Deals, insbesondere die Biodiversit\u00e4tsstrategie und die Farm2Fork-Strategie umfassend einbezogen werden. Sollten keine ausreichenden Vorschl\u00e4ge auf europ\u00e4ischer Ebene kommen, muss Deutschland bei der nationalen Umsetzung daf\u00fcr sorgen, dass die Best\u00e4nde in der Agrarlandschaft nicht weiter schrumpfen. Daf\u00fcr braucht es insbesondere umfangreiche F\u00f6rdergelder f\u00fcr freiwillige Umweltma\u00dfnahmen der landwirtschaftlichen Betriebe in der zweiten S\u00e4ule.<\/p>\n","protected":false},"excerpt":{"rendered":"<p>Insgesamt zehn Bio-Betriebe erhielten auf der virtuellen Biofach letzte Woche den F\u00f6rderpreis f\u00fcr Umstellung auf \u00d6kolandbau. Die Betriebe wurden daf\u00fcr ausgezeichnet, vorbildlich den gesamten Betrieb auf \u00d6kolandbau umgestellt zu haben und mit dem Preis \u201eGemeinsam Boden gut machen\u201c vom NABU belohnt.<\/p>\n","protected":false},"author":1,"featured_media":13469,"comment_status":"closed","ping_status":"closed","sticky":false,"template":"","format":"standard","meta":{"colormag_page_container_layout":"default_layout","colormag_page_sidebar_layout":"default_layout","_jetpack_memberships_contains_paid_content":false,"footnotes":""},"categories":[10163],"tags":[13244,13243,7249,897,1596,4707,13242],"class_list":["post-13468","post","type-post","status-publish","format-standard","has-post-thumbnail","hentry","category-leckeres-zum-wochenende","tag-biodiversitaet","tag-biolandbau","tag-grundwasser","tag-klimaschutz","tag-landwirtschaft","tag-nabu","tag-oekolandbau"],"jetpack_featured_media_url":"https:\/\/deinenergieportal.de\/wp-content\/uploads\/2021\/03\/Bio_ABBI_Mueller_6600_Alnatura_Fotograf_Marc-Doradzillo_10cm.jpg","jetpack_sharing_enabled":true,"_links":{"self":[{"href":"https:\/\/deinenergieportal.de\/index.php?rest_route=\/wp\/v2\/posts\/13468","targetHints":{"allow":["GET"]}}],"collection":[{"href":"https:\/\/deinenergieportal.de\/index.php?rest_route=\/wp\/v2\/posts"}],"about":[{"href":"https:\/\/deinenergieportal.de\/index.php?rest_route=\/wp\/v2\/types\/post"}],"author":[{"embeddable":true,"href":"https:\/\/deinenergieportal.de\/index.php?rest_route=\/wp\/v2\/users\/1"}],"replies":[{"embeddable":true,"href":"https:\/\/deinenergieportal.de\/index.php?rest_route=%2Fwp%2Fv2%2Fcomments&post=13468"}],"version-history":[{"count":1,"href":"https:\/\/deinenergieportal.de\/index.php?rest_route=\/wp\/v2\/posts\/13468\/revisions"}],"predecessor-version":[{"id":13470,"href":"https:\/\/deinenergieportal.de\/index.php?rest_route=\/wp\/v2\/posts\/13468\/revisions\/13470"}],"wp:featuredmedia":[{"embeddable":true,"href":"https:\/\/deinenergieportal.de\/index.php?rest_route=\/wp\/v2\/media\/13469"}],"wp:attachment":[{"href":"https:\/\/deinenergieportal.de\/index.php?rest_route=%2Fwp%2Fv2%2Fmedia&parent=13468"}],"wp:term":[{"taxonomy":"category","embeddable":true,"href":"https:\/\/deinenergieportal.de\/index.php?rest_route=%2Fwp%2Fv2%2Fcategories&post=13468"},{"taxonomy":"post_tag","embeddable":true,"href":"https:\/\/deinenergieportal.de\/index.php?rest_route=%2Fwp%2Fv2%2Ftags&post=13468"}],"curies":[{"name":"wp","href":"https:\/\/api.w.org\/{rel}","templated":true}]}}