{"id":11204,"date":"2020-01-17T11:10:00","date_gmt":"2020-01-17T10:10:00","guid":{"rendered":"https:\/\/deinenergieportal.de\/?p=11204"},"modified":"2020-01-13T10:16:23","modified_gmt":"2020-01-13T09:16:23","slug":"know-how-der-landesenergieagentur-fuer-alle-interessierten","status":"publish","type":"post","link":"https:\/\/deinenergieportal.de\/?p=11204","title":{"rendered":"Know-how der Landesenergieagentur f\u00fcr alle Interessierten"},"content":{"rendered":"\n<p>Zahlreiche engagierte Menschen treiben den Klimaschutz aktiv voran. Die KEA-BW unterst\u00fctzt die Akteure vor Ort und bietet 2020 rund 50 Veranstaltungen an. Sie vermittelt ihr gesammeltes Know-how in den Bereichen Energieeffizienz, Nachhaltigkeit und staatliche F\u00f6rderung allen Interessierten. So k\u00f6nnen kommunale, gewerbliche, private und sonstige Akteure des Klimaschutzes jetzt die richtigen Weichen stellen oder ihr Vorhaben fachlich untermauern.<\/p>\n\n\n\n<figure class=\"wp-block-image size-large\"><img loading=\"lazy\" decoding=\"async\" width=\"750\" height=\"450\" src=\"https:\/\/deinenergieportal.de\/wp-content\/uploads\/2020\/01\/1930_ContractingKongress-002.jpg\" alt=\"\" class=\"wp-image-11205\" srcset=\"https:\/\/deinenergieportal.de\/wp-content\/uploads\/2020\/01\/1930_ContractingKongress-002.jpg 750w, https:\/\/deinenergieportal.de\/wp-content\/uploads\/2020\/01\/1930_ContractingKongress-002-300x180.jpg 300w\" sizes=\"auto, (max-width: 750px) 100vw, 750px\" \/><figcaption>Das Veranstaltungsprogramm der KEA-BW bringt die Akteure des Klimaschutzes in den Dialog (Foto: KEA-BW \/ Martin Stollberg)<\/figcaption><\/figure>\n\n\n\n<!--more-->\n\n\n\n<p>Den Start macht am 23. Januar die\nAuftaktveranstaltung des Kompetenznetzes \u201eKlima Mobil\u201c in Stuttgart. Es ber\u00e4t,\nunterst\u00fctzt und vernetzt k\u00fcnftig Kommunen, die hochwirksame Ma\u00dfnahmen zum\nKlimaschutz im Verkehr planen. Bei der Verleihung des European Energy Award\n(eea) am 13. Februar stehen in Schw\u00e4bisch Hall besonders aktive Kommunen auf\nder B\u00fchne. Die energiepolitischen Sprecher der Landtagsfraktionen diskutieren\nam Abend des 19. Mai in Stuttgart beim allj\u00e4hrlichen \u201eEnergiepolitischen\nForum\u201c. Aufs Podium bitten sie das Zentrum f\u00fcr Sonnenenergie und\nWasserstoffforschung (ZSW) und die Landesenergieagentur gemeinsam.<\/p>\n\n\n\n<p>Wie eine Finanzierung per Contracting funktioniert,\nbeleuchtet der Contracting-Kongress am 28. Mai in Stuttgart. Sich mit\nGleichgesinnten austauschen \u2013 das k\u00f6nnen Akteure beim Netzwerktreffen der\nKlimaschutzmanager oder beim 20. Forum Kommunales Energiemanagement am 6. Juli\nin Stuttgart. Um die W\u00e4rmeversorgung geht es am 22. Oktober bei \u201eNahw\u00e4rme\nkompakt\u201c in Karlsruhe. Die KEA-BW hat au\u00dferdem zahlreiche Seminare und\nregionale Veranstaltungen im Angebot.<\/p>\n\n\n\n<p>Das Seminar- und Weiterbildungsangebot der KEA-BW\nrichtet sich nicht nur an Vertreterinnen und Vertreter der \u00f6ffentlichen\nVerwaltungen, sondern auch an Energiedienstleister, Gewerbe,\nWohnungsbaugesellschaften sowie Sozial- und Pflegeeinrichtungen. Neben\nkonkreten Arbeitshilfen bietet das Programm der Landesenergieagentur somit\nbeste M\u00f6glichkeiten zum Netzwerken. Speziell an Verbraucher richten sich\nAngebote wie das \u201eSanierung(s)Mobil\u201c von Zukunft Altbau, das an insgesamt 30\nStationen im Land Halt machen wird. Das Team dieses Informationsprogramms ber\u00e4t\nau\u00dferdem auf zahlreichen Messen. Zum zentralen Treffen der Energieberater, dem\nHerbstforum Altbau, werden am 25. November wieder \u00fcber 500 Fachleute in\nStuttgart erwartet.<\/p>\n\n\n\n<p>Weitere Informationen: <a href=\"http:\/\/www.kea-bw.de\">www.kea-bw.de<\/a><\/p>\n","protected":false},"excerpt":{"rendered":"<p>Zahlreiche engagierte Menschen treiben den Klimaschutz aktiv voran. Die KEA-BW unterst\u00fctzt die Akteure vor Ort und bietet 2020 rund 50 Veranstaltungen an. Sie vermittelt ihr gesammeltes Know-how in den Bereichen Energieeffizienz, Nachhaltigkeit und staatliche F\u00f6rderung allen Interessierten. So k\u00f6nnen kommunale, gewerbliche, private und sonstige Akteure des Klimaschutzes jetzt die richtigen Weichen stellen oder ihr Vorhaben fachlich untermauern.<\/p>\n","protected":false},"author":2,"featured_media":11205,"comment_status":"closed","ping_status":"closed","sticky":false,"template":"","format":"standard","meta":{"colormag_page_container_layout":"default_layout","colormag_page_sidebar_layout":"default_layout","_jetpack_memberships_contains_paid_content":false,"footnotes":""},"categories":[3,4],"tags":[3294,4400,9902,11901,11903,3949,11900,897,3325,11904,11902,8957,556,2187,2369,3563],"class_list":["post-11204","post","type-post","status-publish","format-standard","has-post-thumbnail","hentry","category-news","category-termine","tag-baden-wuerttemberg","tag-contracting","tag-eea","tag-energiepolitisches-forum","tag-forum-kommunales-energiemanagement","tag-kea","tag-klima-mobil","tag-klimaschutz","tag-kommune","tag-nahwaerme-kompakt","tag-netzwerktreffen-der-klimaschutzmanager","tag-sanierungsmobil","tag-seminar","tag-weiterbildung","tag-zsw","tag-zukunft-altbau"],"jetpack_featured_media_url":"https:\/\/deinenergieportal.de\/wp-content\/uploads\/2020\/01\/1930_ContractingKongress-002.jpg","jetpack_sharing_enabled":true,"_links":{"self":[{"href":"https:\/\/deinenergieportal.de\/index.php?rest_route=\/wp\/v2\/posts\/11204","targetHints":{"allow":["GET"]}}],"collection":[{"href":"https:\/\/deinenergieportal.de\/index.php?rest_route=\/wp\/v2\/posts"}],"about":[{"href":"https:\/\/deinenergieportal.de\/index.php?rest_route=\/wp\/v2\/types\/post"}],"author":[{"embeddable":true,"href":"https:\/\/deinenergieportal.de\/index.php?rest_route=\/wp\/v2\/users\/2"}],"replies":[{"embeddable":true,"href":"https:\/\/deinenergieportal.de\/index.php?rest_route=%2Fwp%2Fv2%2Fcomments&post=11204"}],"version-history":[{"count":1,"href":"https:\/\/deinenergieportal.de\/index.php?rest_route=\/wp\/v2\/posts\/11204\/revisions"}],"predecessor-version":[{"id":11206,"href":"https:\/\/deinenergieportal.de\/index.php?rest_route=\/wp\/v2\/posts\/11204\/revisions\/11206"}],"wp:featuredmedia":[{"embeddable":true,"href":"https:\/\/deinenergieportal.de\/index.php?rest_route=\/wp\/v2\/media\/11205"}],"wp:attachment":[{"href":"https:\/\/deinenergieportal.de\/index.php?rest_route=%2Fwp%2Fv2%2Fmedia&parent=11204"}],"wp:term":[{"taxonomy":"category","embeddable":true,"href":"https:\/\/deinenergieportal.de\/index.php?rest_route=%2Fwp%2Fv2%2Fcategories&post=11204"},{"taxonomy":"post_tag","embeddable":true,"href":"https:\/\/deinenergieportal.de\/index.php?rest_route=%2Fwp%2Fv2%2Ftags&post=11204"}],"curies":[{"name":"wp","href":"https:\/\/api.w.org\/{rel}","templated":true}]}}