{"id":11041,"date":"2019-11-27T11:59:00","date_gmt":"2019-11-27T10:59:00","guid":{"rendered":"https:\/\/deinenergieportal.de\/?p=11041"},"modified":"2019-11-26T10:09:09","modified_gmt":"2019-11-26T09:09:09","slug":"reicher-mit-speicher-erstmal-nicht","status":"publish","type":"post","link":"https:\/\/deinenergieportal.de\/?p=11041","title":{"rendered":"Reicher mit Speicher? Erstmal nicht!"},"content":{"rendered":"\n<p>Das Fazit des Podiums war einhellig: Heute und morgen wird mit Batteriespeichern noch kein Geld auf dem Markt f\u00fcr Flexibilit\u00e4ten zu verdienen sein. Aber \u00fcbermorgen wird sich das mit ziemlicher Sicherheit \u00e4ndern. Die Teilnehmer am 7. Kamingespr\u00e4ch des edna Bundesverbands Energiemarkt &amp; Kommunikation e.V. hatten zuvor zwei Stunden die Chancen und Grenzen diskutiert, die Flexibilit\u00e4tsoptionen f\u00fcr die Stabilisierung der zunehmend dezentral organisierten Energieversorgung bieten \u2013 mit durchaus unterschiedlichen Meinungen.<\/p>\n\n\n\n<figure class=\"wp-block-image size-large\"><img loading=\"lazy\" decoding=\"async\" width=\"750\" height=\"450\" src=\"https:\/\/deinenergieportal.de\/wp-content\/uploads\/2019\/11\/PNR39173.jpg\" alt=\"\" class=\"wp-image-11042\" srcset=\"https:\/\/deinenergieportal.de\/wp-content\/uploads\/2019\/11\/PNR39173.jpg 750w, https:\/\/deinenergieportal.de\/wp-content\/uploads\/2019\/11\/PNR39173-300x180.jpg 300w\" sizes=\"auto, (max-width: 750px) 100vw, 750px\" \/><figcaption> Bild: EDNA Bundesverband Energiemarkt &amp; Kommunikation e.V.<\/figcaption><\/figure>\n\n\n\n<!--more-->\n\n\n\n<p>\u201eMir reicht eine intelligente Ortsnetzstation&#8220;,\nstellte Gastgeber Eberhard Oehler, Gastgeber und Gesch\u00e4ftsf\u00fchrer der Stadtwerke\nEttlingen fest. Der Strukturwandel mit seinem deutlichen R\u00fcckgang an Industrie\nsowie die zunehmende Energieeffizienz h\u00e4tten in seinem Netz dazu gef\u00fchrt, dass\ndie maximale Leistung von 52 MW vor 25 Jahren auf heute 36 MW zur\u00fcckgegangen\nsei. Speicherl\u00f6sungen spielten daher eher f\u00fcr den privaten Stromproduzenten\neine Rolle, der damit den Eigenverbrauch optimieren m\u00f6chte. \u201eF\u00fcr Haushalte\nrechnet sich das, denn die k\u00f6nnen so die Kosten f\u00fcr Strom \u00fcber den\nEigenverbrauch und Speicher auf deutlich unter 20 Cent pro kWh senken&#8220;,\nstellte Dr. Patrick Jochem von Karlsruher Institut f\u00fcr Technologie KIT fest.\nInsgesamt, da waren sich die Teilnehmer einig, werde die Bedeutung des\nFlexibilit\u00e4tenmarktes in den kommenden Jahren jedoch zunehmen.<\/p>\n\n\n\n<p>Dass sich das auch in kleinen Netzen schon heute rechnen kann, berichtete Prof. Markus Zdrallek, Lehrstuhl f\u00fcr elektrische Energieversorgungstechnik in Wuppertal. \u201eIn einem Feldversuch beim E-Werk Schweiger konnten wir nachweisen, dass \u00fcber einen Markt f\u00fcr die Nutzung von Flexibilit\u00e4tsoptionen 95 Prozent der Kosten f\u00fcr den ansonsten n\u00f6tigen Netzausbau im Testgebiet eingespart werden k\u00f6nnten&#8220;. Auch die Tatsache, dass heute bereits mehr als 50 Prozent des erzeugten Stroms in die Netzebenen 110 kV und niedriger eingespeist werden, mache die Potenziale der Ausnutzung von Flexibilit\u00e4tsoptionen deutlich. Dem pflichtete auch Dr. Serafin von Roon, Gesch\u00e4ftsf\u00fchrer der Forschungsgesellschaft f\u00fcr Energiewirtschaft bei. \u201eDer Netzausbau f\u00fchlt sich f\u00fcr viele Netzbetreiber noch als die sicherere Option an. Dabei geht es doch meist nur um wenige Viertelstunden im Jahr, in denen ein Eingriff notwendig wird. Hier Flexibilit\u00e4ten zu nutzen, ist deutlich billiger, als das Verteilnetz auszubauen&#8220;.<\/p>\n\n\n\n<p>Getrieben werde das Thema zunehmend durch die so genannten \u201eFlexumer&#8220;, also Eigenheimbesitzer, die ihre PV-Anlage mit einem Speicher, der W\u00e4rmepumpe und der Ladestation f\u00fcr das E-Auto kombinieren. Aber auch \u00fcber Quartierstrommodelle, die zunehmend an Attraktivit\u00e4t gewinnen. \u201eWir streben hier in unseren Projekten Einsparungspotenziale von 15 bis 20 Prozent im Quartier an&#8220;, berichtete Ralf Marquardt vom Fraunhofer IOSB-AST. Dabei wachsen die B\u00e4ume dennoch nicht in den Himmel. \u201eBei einem Eigenversorgungsanteil von bis zu 50 Prozent kommen wir auf Stromkosten, die durchaus vergleichbar mit denen des lokalen Versorgers sind, danach gehen die Kosten durch die Decke&#8220;, erkl\u00e4rte Dr. Serafin von Roon.<\/p>\n\n\n\n<p>Weitere Informationen: <a rel=\"noreferrer noopener\" href=\"https:\/\/www.edna-bundesverband.de\" target=\"_blank\">www.edna-bundesverband.de<\/a>\u00a0<\/p>\n","protected":false},"excerpt":{"rendered":"<p>Das Fazit des Podiums war einhellig: Heute und morgen wird mit Batteriespeichern noch kein Geld auf dem Markt f\u00fcr Flexibilit\u00e4ten zu verdienen sein. Aber \u00fcbermorgen wird sich das mit ziemlicher Sicherheit \u00e4ndern. Die Teilnehmer am 7. Kamingespr\u00e4ch des edna Bundesverbands Energiemarkt &amp; Kommunikation e.V. hatten zuvor zwei Stunden die Chancen und Grenzen diskutiert, die Flexibilit\u00e4tsoptionen f\u00fcr die Stabilisierung der zunehmend dezentral organisierten Energieversorgung bieten \u2013 mit durchaus unterschiedlichen Meinungen.<\/p>\n","protected":false},"author":2,"featured_media":11042,"comment_status":"closed","ping_status":"closed","sticky":false,"template":"","format":"standard","meta":{"colormag_page_container_layout":"default_layout","colormag_page_sidebar_layout":"default_layout","_jetpack_memberships_contains_paid_content":false,"footnotes":""},"categories":[3],"tags":[1122,11759,1127,826,11760,1260,7799,11758,1769,5144,5145,184],"class_list":["post-11041","post","type-post","status-publish","format-standard","has-post-thumbnail","hentry","category-news","tag-batterie","tag-edna-bundesverband-energiemarkt-kommunikation-e-v","tag-elektromobilitat","tag-ettlingen","tag-flexumer","tag-fraunhofer","tag-iosb-ast","tag-kamingespraech","tag-kit","tag-photovoltaik","tag-warmepumpe","tag-wuppertal"],"jetpack_featured_media_url":"https:\/\/deinenergieportal.de\/wp-content\/uploads\/2019\/11\/PNR39173.jpg","jetpack_sharing_enabled":true,"_links":{"self":[{"href":"https:\/\/deinenergieportal.de\/index.php?rest_route=\/wp\/v2\/posts\/11041","targetHints":{"allow":["GET"]}}],"collection":[{"href":"https:\/\/deinenergieportal.de\/index.php?rest_route=\/wp\/v2\/posts"}],"about":[{"href":"https:\/\/deinenergieportal.de\/index.php?rest_route=\/wp\/v2\/types\/post"}],"author":[{"embeddable":true,"href":"https:\/\/deinenergieportal.de\/index.php?rest_route=\/wp\/v2\/users\/2"}],"replies":[{"embeddable":true,"href":"https:\/\/deinenergieportal.de\/index.php?rest_route=%2Fwp%2Fv2%2Fcomments&post=11041"}],"version-history":[{"count":1,"href":"https:\/\/deinenergieportal.de\/index.php?rest_route=\/wp\/v2\/posts\/11041\/revisions"}],"predecessor-version":[{"id":11043,"href":"https:\/\/deinenergieportal.de\/index.php?rest_route=\/wp\/v2\/posts\/11041\/revisions\/11043"}],"wp:featuredmedia":[{"embeddable":true,"href":"https:\/\/deinenergieportal.de\/index.php?rest_route=\/wp\/v2\/media\/11042"}],"wp:attachment":[{"href":"https:\/\/deinenergieportal.de\/index.php?rest_route=%2Fwp%2Fv2%2Fmedia&parent=11041"}],"wp:term":[{"taxonomy":"category","embeddable":true,"href":"https:\/\/deinenergieportal.de\/index.php?rest_route=%2Fwp%2Fv2%2Fcategories&post=11041"},{"taxonomy":"post_tag","embeddable":true,"href":"https:\/\/deinenergieportal.de\/index.php?rest_route=%2Fwp%2Fv2%2Ftags&post=11041"}],"curies":[{"name":"wp","href":"https:\/\/api.w.org\/{rel}","templated":true}]}}