{"id":10909,"date":"2019-10-28T11:44:04","date_gmt":"2019-10-28T10:44:04","guid":{"rendered":"https:\/\/deinenergieportal.de\/?p=10909"},"modified":"2019-10-11T11:46:37","modified_gmt":"2019-10-11T09:46:37","slug":"den-sonnenstrom-clever-nutzen","status":"publish","type":"post","link":"https:\/\/deinenergieportal.de\/?p=10909","title":{"rendered":"Den Sonnenstrom clever nutzen"},"content":{"rendered":"\n<p>Die <a rel=\"noreferrer noopener\" href=\"https:\/\/grammer-solar.com\/index.php?option=com_acymailing&amp;ctrl=url&amp;subid=1016304&amp;urlid=698&amp;mailid=452\" target=\"_blank\">Gewerbebau Amberg<\/a> steuert ihre Aktivit\u00e4ten seit letztem Jahr aus einem neu errichteten B\u00fcrogeb\u00e4ude in der Amberger Emailfabrikstra\u00dfe, dessen Dach eine knapp 100 kWp gro\u00dfe PV-Anlage kr\u00f6nt. \u201eR\u00fcckblickend war die Investition in eine Photovoltaikanlage zur Eigenstromversorgung des B\u00fcrogeb\u00e4udes eine sehr positive Entscheidung\u201c, freut sich Prokurist Werner Pettinger. \u201eDa wir den Strom auch f\u00fcr die Klimatisierung der B\u00fcror\u00e4ume verwenden, ist das f\u00fcr uns eine ausgesprochene Win-win-Situation. Gerade zu Zeiten mit dem h\u00f6chsten Klimatisierungsbedarf haben wir auch das gr\u00f6\u00dfte Sonnenstrom-Angebot. Im Rest vom Jahr wird der Strom von der Sonne f\u00fcr den B\u00fcrobetrieb genutzt und \u00dcbersch\u00fcsse werden in das Netz der <a rel=\"noreferrer noopener\" href=\"https:\/\/grammer-solar.com\/index.php?option=com_acymailing&amp;ctrl=url&amp;subid=1016304&amp;urlid=699&amp;mailid=452\" target=\"_blank\">Stadtwerke Amberg<\/a> eingespeist.\u201c<\/p>\n\n\n\n<figure class=\"wp-block-image\"><img loading=\"lazy\" decoding=\"async\" width=\"750\" height=\"450\" src=\"https:\/\/deinenergieportal.de\/wp-content\/uploads\/2019\/10\/Amberg.png\" alt=\"\" class=\"wp-image-10910\" srcset=\"https:\/\/deinenergieportal.de\/wp-content\/uploads\/2019\/10\/Amberg.png 750w, https:\/\/deinenergieportal.de\/wp-content\/uploads\/2019\/10\/Amberg-300x180.png 300w\" sizes=\"auto, (max-width: 750px) 100vw, 750px\" \/><figcaption> Bilder: Grammer Solar<\/figcaption><\/figure>\n\n\n\n<!--more-->\n\n\n\n<p>Die Gewerbebau Amberg f\u00f6rdert die Wirtschaft in\nAmberg, indem sie ans\u00e4ssige und ansiedlungswillige Unternehmen aus Industrie,\nHandwerk, Handel und Dienstleistung ber\u00e4t und betreut. Als Schnittstelle\nzwischen Wirtschaft, Verwaltung und Politik koordiniert sie die einzelnen\nFachstellen im Genehmigungsverfahren.<\/p>\n\n\n\n<p>Weitere Informationen: <a href=\"http:\/\/www.grammer-solar.de\">www.grammer-solar.de<\/a><\/p>\n","protected":false},"excerpt":{"rendered":"<p>Die Gewerbebau Amberg steuert ihre Aktivit\u00e4ten seit letztem Jahr aus einem neu errichteten B\u00fcrogeb\u00e4ude in der Amberger Emailfabrikstra\u00dfe, dessen Dach eine knapp 100 kWp gro\u00dfe PV-Anlage kr\u00f6nt. \u201eR\u00fcckblickend war die Investition in eine Photovoltaikanlage zur Eigenstromversorgung des B\u00fcrogeb\u00e4udes eine sehr positive Entscheidung\u201c, freut sich Prokurist Werner Pettinger. \u201eDa wir den Strom auch f\u00fcr die Klimatisierung der B\u00fcror\u00e4ume verwenden, ist das f\u00fcr uns eine ausgesprochene Win-win-Situation. Gerade zu Zeiten mit dem h\u00f6chsten Klimatisierungsbedarf haben wir auch das gr\u00f6\u00dfte Sonnenstrom-Angebot. Im Rest vom Jahr wird der Strom von der Sonne f\u00fcr den B\u00fcrobetrieb genutzt und \u00dcbersch\u00fcsse werden in das Netz der Stadtwerke Amberg eingespeist.\u201c<\/p>\n","protected":false},"author":2,"featured_media":10910,"comment_status":"closed","ping_status":"closed","sticky":false,"template":"","format":"standard","meta":{"colormag_page_container_layout":"default_layout","colormag_page_sidebar_layout":"default_layout","_jetpack_memberships_contains_paid_content":false,"footnotes":""},"categories":[3,66],"tags":[3109,937,6344,11629,2326,1828,719,7716],"class_list":["post-10909","post","type-post","status-publish","format-standard","has-post-thumbnail","hentry","category-news","category-photovoltaik","tag-amberg","tag-dienstleistung","tag-eigenstrom","tag-gewerbebau","tag-handel","tag-handwerk","tag-industrie","tag-klimatisierung"],"jetpack_featured_media_url":"https:\/\/deinenergieportal.de\/wp-content\/uploads\/2019\/10\/Amberg.png","jetpack_sharing_enabled":true,"_links":{"self":[{"href":"https:\/\/deinenergieportal.de\/index.php?rest_route=\/wp\/v2\/posts\/10909","targetHints":{"allow":["GET"]}}],"collection":[{"href":"https:\/\/deinenergieportal.de\/index.php?rest_route=\/wp\/v2\/posts"}],"about":[{"href":"https:\/\/deinenergieportal.de\/index.php?rest_route=\/wp\/v2\/types\/post"}],"author":[{"embeddable":true,"href":"https:\/\/deinenergieportal.de\/index.php?rest_route=\/wp\/v2\/users\/2"}],"replies":[{"embeddable":true,"href":"https:\/\/deinenergieportal.de\/index.php?rest_route=%2Fwp%2Fv2%2Fcomments&post=10909"}],"version-history":[{"count":1,"href":"https:\/\/deinenergieportal.de\/index.php?rest_route=\/wp\/v2\/posts\/10909\/revisions"}],"predecessor-version":[{"id":10911,"href":"https:\/\/deinenergieportal.de\/index.php?rest_route=\/wp\/v2\/posts\/10909\/revisions\/10911"}],"wp:featuredmedia":[{"embeddable":true,"href":"https:\/\/deinenergieportal.de\/index.php?rest_route=\/wp\/v2\/media\/10910"}],"wp:attachment":[{"href":"https:\/\/deinenergieportal.de\/index.php?rest_route=%2Fwp%2Fv2%2Fmedia&parent=10909"}],"wp:term":[{"taxonomy":"category","embeddable":true,"href":"https:\/\/deinenergieportal.de\/index.php?rest_route=%2Fwp%2Fv2%2Fcategories&post=10909"},{"taxonomy":"post_tag","embeddable":true,"href":"https:\/\/deinenergieportal.de\/index.php?rest_route=%2Fwp%2Fv2%2Ftags&post=10909"}],"curies":[{"name":"wp","href":"https:\/\/api.w.org\/{rel}","templated":true}]}}