{"id":10558,"date":"2019-08-06T11:37:25","date_gmt":"2019-08-06T09:37:25","guid":{"rendered":"https:\/\/deinenergieportal.de\/?p=10558"},"modified":"2019-07-15T11:40:43","modified_gmt":"2019-07-15T09:40:43","slug":"7-kompetenztreffen-elektromobilitaet-in-nrw-am-19-november-in-essen","status":"publish","type":"post","link":"https:\/\/deinenergieportal.de\/?p=10558","title":{"rendered":"7. Kompetenztreffen \u201eElektromobilit\u00e4t in NRW\u201c am 19. November in Essen"},"content":{"rendered":"\n<p>Bereits zum siebten Mal findet in diesem Jahr das Kompetenztreffen \u201eElektromobilit\u00e4t in NRW\u201c statt. Am 19. November erwartet Elektromobilit\u00e4t NRW (\u201eEnergieAgentur.NRW\u201c und das \u201eKompetenzzentrum Elektromobilit\u00e4t NRW\u201c) rund 400 Teilnehmer aus dem gesamten Bundesgebiet im Colosseum Theater in Essen (Altendorfer Str. 1, 45127 Essen). Damit ist das Kompetenztreffen die gr\u00f6\u00dfte Veranstaltung ihrer Art zur Elektromobilit\u00e4t in Nordrhein-Westfalen. Zur Er\u00f6ffnung wird unter anderem NRW-Wirtschaftsminister Prof. Dr. Andreas Pinkwart erwartet.<\/p>\n\n\n\n<figure class=\"wp-block-image\"><img loading=\"lazy\" decoding=\"async\" width=\"750\" height=\"450\" src=\"https:\/\/deinenergieportal.de\/wp-content\/uploads\/2019\/07\/Essen.png\" alt=\"\" class=\"wp-image-10559\" srcset=\"https:\/\/deinenergieportal.de\/wp-content\/uploads\/2019\/07\/Essen.png 750w, https:\/\/deinenergieportal.de\/wp-content\/uploads\/2019\/07\/Essen-300x180.png 300w\" sizes=\"auto, (max-width: 750px) 100vw, 750px\" \/><figcaption>Screenshot: DeinEnergieportal<\/figcaption><\/figure>\n\n\n\n<!--more-->\n\n\n\n<p>Neben einer Bestandsaufnahme liegt der Fokus in diesem Jahr auf den Ma\u00dfnahmen zur weiteren Umsetzung der Elektromobilit\u00e4t, der Lade-Infrastruktur, aktuellen Trends und Innovationen sowie einem \u00dcberblick \u00fcber die derzeitige Start-up-Szene rund um die Elektromobilit\u00e4t in der Region. Im Rahmen des Kompetenztreffens k\u00f6nnen sich die Teilnehmer am erstmals ausgetragenen Wettbewerb \u201eNRW e-Start-up des Jahres 2019\u201c der Fachwelt pr\u00e4sentieren.<\/p>\n\n\n\n<p>Ein weiterer Schwerpunkt wird das aktuelle F\u00f6rderprogramm des NRW-Wirtschaftsministeriums sein, das speziell f\u00fcr Handwerker starke Anreize setzt, ihren Fuhrpark zu elektrifizieren. In Erg\u00e4nzung dazu soll auch die Lade-Infrastruktur weiter ausgebaut werden. Neben einem erneut sehr breitgef\u00e4cherten Vortragsprogramm bietet die Veranstaltung auch in diesem Jahr eine begleitende Ausstellung mit Produkten und Dienstleistungen aus NRW. Das Kompetenztreffen richtet sich an Vertreter aus Wirtschaft und Politik sowie Akteure aus Forschung und Entwicklung.<\/p>\n\n\n\n<p>Weitere Informationen: <a href=\"https:\/\/www.energieagentur.nrw\/brennstoffzelle\/7._kompetenztreffen_elektromobilitaet_in_nrw\">https:\/\/www.energieagentur.nrw\/brennstoffzelle\/7._kompetenztreffen_elektromobilitaet_in_nrw<\/a><\/p>\n","protected":false},"excerpt":{"rendered":"<p>Bereits zum siebten Mal findet in diesem Jahr das Kompetenztreffen \u201eElektromobilit\u00e4t in NRW\u201c statt. Am 19. November erwartet Elektromobilit\u00e4t NRW (\u201eEnergieAgentur.NRW\u201c und das \u201eKompetenzzentrum Elektromobilit\u00e4t NRW\u201c) rund 400 Teilnehmer aus dem gesamten Bundesgebiet im Colosseum Theater in Essen (Altendorfer Str. 1, 45127 Essen). Damit ist das Kompetenztreffen die gr\u00f6\u00dfte Veranstaltung ihrer Art zur Elektromobilit\u00e4t in Nordrhein-Westfalen. Zur Er\u00f6ffnung wird unter anderem NRW-Wirtschaftsminister Prof. Dr. Andreas Pinkwart erwartet.<\/p>\n","protected":false},"author":1,"featured_media":10559,"comment_status":"closed","ping_status":"closed","sticky":false,"template":"","format":"standard","meta":{"colormag_page_container_layout":"default_layout","colormag_page_sidebar_layout":"default_layout","_jetpack_memberships_contains_paid_content":false,"footnotes":""},"categories":[8764,4],"tags":[11307,138,1031,11306,11308,11309],"class_list":["post-10558","post","type-post","status-publish","format-standard","has-post-thumbnail","hentry","category-elektromobilitaet","category-termine","tag-elektromobilitaet-in-nrw","tag-energieagentur-nrw","tag-essen","tag-kompetenztreffen","tag-kompetenzzentrum-elektromobilitaet-nrw","tag-nrw-e-start-up-des-jahres-2019"],"jetpack_featured_media_url":"https:\/\/deinenergieportal.de\/wp-content\/uploads\/2019\/07\/Essen.png","jetpack_sharing_enabled":true,"_links":{"self":[{"href":"https:\/\/deinenergieportal.de\/index.php?rest_route=\/wp\/v2\/posts\/10558","targetHints":{"allow":["GET"]}}],"collection":[{"href":"https:\/\/deinenergieportal.de\/index.php?rest_route=\/wp\/v2\/posts"}],"about":[{"href":"https:\/\/deinenergieportal.de\/index.php?rest_route=\/wp\/v2\/types\/post"}],"author":[{"embeddable":true,"href":"https:\/\/deinenergieportal.de\/index.php?rest_route=\/wp\/v2\/users\/1"}],"replies":[{"embeddable":true,"href":"https:\/\/deinenergieportal.de\/index.php?rest_route=%2Fwp%2Fv2%2Fcomments&post=10558"}],"version-history":[{"count":1,"href":"https:\/\/deinenergieportal.de\/index.php?rest_route=\/wp\/v2\/posts\/10558\/revisions"}],"predecessor-version":[{"id":10560,"href":"https:\/\/deinenergieportal.de\/index.php?rest_route=\/wp\/v2\/posts\/10558\/revisions\/10560"}],"wp:featuredmedia":[{"embeddable":true,"href":"https:\/\/deinenergieportal.de\/index.php?rest_route=\/wp\/v2\/media\/10559"}],"wp:attachment":[{"href":"https:\/\/deinenergieportal.de\/index.php?rest_route=%2Fwp%2Fv2%2Fmedia&parent=10558"}],"wp:term":[{"taxonomy":"category","embeddable":true,"href":"https:\/\/deinenergieportal.de\/index.php?rest_route=%2Fwp%2Fv2%2Fcategories&post=10558"},{"taxonomy":"post_tag","embeddable":true,"href":"https:\/\/deinenergieportal.de\/index.php?rest_route=%2Fwp%2Fv2%2Ftags&post=10558"}],"curies":[{"name":"wp","href":"https:\/\/api.w.org\/{rel}","templated":true}]}}