{"id":10517,"date":"2019-07-24T11:02:08","date_gmt":"2019-07-24T09:02:08","guid":{"rendered":"https:\/\/deinenergieportal.de\/?p=10517"},"modified":"2019-07-08T10:05:27","modified_gmt":"2019-07-08T08:05:27","slug":"mittelstaendische-unternehmen-sind-laengst-weiter-als-die-politik","status":"publish","type":"post","link":"https:\/\/deinenergieportal.de\/?p=10517","title":{"rendered":"Mittelst\u00e4ndische Unternehmen sind l\u00e4ngst weiter als die Politik"},"content":{"rendered":"\n<p>Seit Monaten streiken Sch\u00fclerinnen und Sch\u00fcler freitags f\u00fcr einen ambitionierten Klimaschutz. Doch auch beim letzten EU-Gipfel konnten sich die anwesenden Staats- und Regierungschefs nicht auf das verbindliche Ziel Klimaneutralit\u00e4t bis 2050 festlegen. Um die Jugendlichen zu unterst\u00fctzen, hat UnternehmensGr\u00fcn gemeinsam mit weiteren Organisationen die Initiative \u201eEntrepreneurs for Future\u201c ins Leben gerufen.<\/p>\n\n\n\n<figure class=\"wp-block-image\"><img loading=\"lazy\" decoding=\"async\" width=\"750\" height=\"450\" src=\"https:\/\/deinenergieportal.de\/wp-content\/uploads\/2019\/07\/entrepre.png\" alt=\"\" class=\"wp-image-10518\" srcset=\"https:\/\/deinenergieportal.de\/wp-content\/uploads\/2019\/07\/entrepre.png 750w, https:\/\/deinenergieportal.de\/wp-content\/uploads\/2019\/07\/entrepre-300x180.png 300w\" sizes=\"auto, (max-width: 750px) 100vw, 750px\" \/><figcaption>Screenshot: DeinEnergieportal<\/figcaption><\/figure>\n\n\n\n<!--more-->\n\n\n\n<p>\u201eDas Scheitern der EU bei der gemeinsamen Festlegung\ndes Ziels Klimaneutralit\u00e4t bis 2050 ist angesichts der europaweiten\nKlimabewegung ein herber R\u00fcckschlag\u201c, erkl\u00e4rt\nUnternehmensGr\u00fcn-Gesch\u00e4ftsf\u00fchrerin Dr. Katharina Reuter. Auch in Europa gelinge\nes immer wieder einer kleinen Minderheit von Bremsern, die dringend notwendige\nWeichenstellung hin zu Nachhaltigkeit und Klimaschutz aufzuhalten.&nbsp;&nbsp;<\/p>\n\n\n\n<p>Mit Blick auf die von UnternehmensGr\u00fcn mitinitiierte\nBewegung \u201eEntrepreneurs for Future\u201c konstatiert Reuter: \u201eGerade die\nmittelst\u00e4ndischen Unternehmen sind l\u00e4ngst weiter als die Politik.\u201c<br>\nIn den letzten Monaten h\u00e4tten hier bereits mehr als 1900 Unternehmen vom\nkleinen Dienstleistungsunternehmen bis zum gro\u00dfen Recyclingunternehmen durch\nIhre Unterschrift best\u00e4tigt, dass sie sich f\u00fcr politische Ziele wie eine\nschnelle CO2-Bepreisung, eine schnellere Energiewende und ein Klimaschutzgesetz\nim Sinne des 1,5 Grad-Ziels einsetzen.&nbsp;&nbsp;<\/p>\n\n\n\n<p>\u201eWir m\u00fcssen bei der Dekarbonisierung der Gesellschaft unbedingt davon wegkommen, nur auf die Probleme und Herausforderungen zu schauen\u201c, fordert Reuter. Die Transformation hin zu einer effizienteren und klimafreundlicheren Wirtschaft berge vor allem auch Chancen. So arbeiteten in der Kreislaufwirtschaft bereits \u00fcber 300.000 Besch\u00e4ftigte und auch in der Erneuerbaren Energien-Branche seien mehr als 330.000 Menschen besch\u00e4ftigt. \u201e\u00dcber die so genannte Belastung der Wirtschaft wurde und wird viel gejammert\u201c, so Katharina Reuter weiter, dabei s\u00e4hen selbst traditionelle Bremser wie die Automobilbranche ihre Zukunft inzwischen in emissionsfreier Mobilit\u00e4t. \u201eWenn die Politik wie jetzt auf EU-Ebene versucht, das alte umweltzerst\u00f6rerische Wirtschaften gegen die globalen Trends am Leben zu erhalten, dann wird der Ver\u00e4nderungsschock sp\u00e4ter umso heftiger\u201c, warnt sie.\u00a0<\/p>\n\n\n\n<p>\u201eEntrepreneurs for Future\u201c (<a href=\"http:\/\/www.entrepreneurs4future.de\">www.entrepreneurs4future.de<\/a>)\nwurde im Fr\u00fchjahr 2019 von UnternehmensGr\u00fcn mit ins Leben gerufen, um die\ngemeinsamen Ziele mit \u201eFridays for Future\u201c und \u201eScientists for Future\u201c zu\nunterst\u00fctzen.&nbsp;<\/p>\n\n\n\n<p>Weitere Informationen: <a href=\"http:\/\/www.entrepreneurs4future.de\">www.entrepreneurs4future.de<\/a>&nbsp;und\n<a href=\"http:\/\/www.unternehmensgruen.de\">www.unternehmensgruen.de<\/a><\/p>\n","protected":false},"excerpt":{"rendered":"<p>Seit Monaten streiken Sch\u00fclerinnen und Sch\u00fcler freitags f\u00fcr einen ambitionierten Klimaschutz. Doch auch beim letzten EU-Gipfel konnten sich die anwesenden Staats- und Regierungschefs nicht auf das verbindliche Ziel Klimaneutralit\u00e4t bis 2050 festlegen. Um die Jugendlichen zu unterst\u00fctzen, hat UnternehmensGr\u00fcn gemeinsam mit weiteren Organisationen die Initiative \u201eEntrepreneurs for Future\u201c ins Leben gerufen.<\/p>\n","protected":false},"author":2,"featured_media":10518,"comment_status":"closed","ping_status":"closed","sticky":false,"template":"","format":"standard","meta":{"colormag_page_container_layout":"default_layout","colormag_page_sidebar_layout":"default_layout","_jetpack_memberships_contains_paid_content":false,"footnotes":""},"categories":[8893,3],"tags":[5928,11260,2403,11262,11261],"class_list":["post-10517","post","type-post","status-publish","format-standard","has-post-thumbnail","hentry","category-hintergrund","category-news","tag-dekarbonisierung","tag-entrepreneurs-for-future","tag-eu","tag-scientists-for-future","tag-transformation"],"jetpack_featured_media_url":"https:\/\/deinenergieportal.de\/wp-content\/uploads\/2019\/07\/entrepre.png","jetpack_sharing_enabled":true,"_links":{"self":[{"href":"https:\/\/deinenergieportal.de\/index.php?rest_route=\/wp\/v2\/posts\/10517","targetHints":{"allow":["GET"]}}],"collection":[{"href":"https:\/\/deinenergieportal.de\/index.php?rest_route=\/wp\/v2\/posts"}],"about":[{"href":"https:\/\/deinenergieportal.de\/index.php?rest_route=\/wp\/v2\/types\/post"}],"author":[{"embeddable":true,"href":"https:\/\/deinenergieportal.de\/index.php?rest_route=\/wp\/v2\/users\/2"}],"replies":[{"embeddable":true,"href":"https:\/\/deinenergieportal.de\/index.php?rest_route=%2Fwp%2Fv2%2Fcomments&post=10517"}],"version-history":[{"count":1,"href":"https:\/\/deinenergieportal.de\/index.php?rest_route=\/wp\/v2\/posts\/10517\/revisions"}],"predecessor-version":[{"id":10519,"href":"https:\/\/deinenergieportal.de\/index.php?rest_route=\/wp\/v2\/posts\/10517\/revisions\/10519"}],"wp:featuredmedia":[{"embeddable":true,"href":"https:\/\/deinenergieportal.de\/index.php?rest_route=\/wp\/v2\/media\/10518"}],"wp:attachment":[{"href":"https:\/\/deinenergieportal.de\/index.php?rest_route=%2Fwp%2Fv2%2Fmedia&parent=10517"}],"wp:term":[{"taxonomy":"category","embeddable":true,"href":"https:\/\/deinenergieportal.de\/index.php?rest_route=%2Fwp%2Fv2%2Fcategories&post=10517"},{"taxonomy":"post_tag","embeddable":true,"href":"https:\/\/deinenergieportal.de\/index.php?rest_route=%2Fwp%2Fv2%2Ftags&post=10517"}],"curies":[{"name":"wp","href":"https:\/\/api.w.org\/{rel}","templated":true}]}}