{"id":10473,"date":"2019-07-13T11:27:52","date_gmt":"2019-07-13T09:27:52","guid":{"rendered":"https:\/\/deinenergieportal.de\/?p=10473"},"modified":"2019-07-02T10:31:33","modified_gmt":"2019-07-02T08:31:33","slug":"hochwertiges-design-und-erstklassige-funktionen-die-neue-innensprechstelle-von-2n-ist-ein-luxurioeses-innenraum-accessoire-fuer-wohnanlagen","status":"publish","type":"post","link":"https:\/\/deinenergieportal.de\/?p=10473","title":{"rendered":"Hochwertiges Design und erstklassige Funktionen. Die neue Innensprechstelle von 2N ist ein luxuri\u00f6ses Innenraum-Accessoire f\u00fcr Wohnanlagen"},"content":{"rendered":"\n<p>Die Innensprechstelle <a>2N Indoor Compact<\/a> dient als Gegenst\u00fcck f\u00fcr 2N-T\u00fcrsprechanlagen und ist aufgrund ihrer Verarbeitung und der verwendeten Werkstoffe als Pr\u00e4mien-Accessoire f\u00fcr Haushalte und Wohnanlagen gedacht. Zum einen bereitet der Einbau keinerlei Probleme, und zum anderen erm\u00f6glicht sie eine sehr intuitive Annahme des Anrufs, das \u00d6ffnen der T\u00fcr, das Anzeigen aller verpassten Anrufe und weitere Funktionen. Dies alles in einem minimalistischen Design mit 4,3\u201c-Farbdisplay und Hartglas-Oberfl\u00e4che.<\/p>\n\n\n\n<figure class=\"wp-block-image\"><img loading=\"lazy\" decoding=\"async\" width=\"750\" height=\"450\" src=\"https:\/\/deinenergieportal.de\/wp-content\/uploads\/2019\/07\/2N_Indoor_Compact_living_room_s-002.jpg\" alt=\"\" class=\"wp-image-10474\" srcset=\"https:\/\/deinenergieportal.de\/wp-content\/uploads\/2019\/07\/2N_Indoor_Compact_living_room_s-002.jpg 750w, https:\/\/deinenergieportal.de\/wp-content\/uploads\/2019\/07\/2N_Indoor_Compact_living_room_s-002-300x180.jpg 300w\" sizes=\"auto, (max-width: 750px) 100vw, 750px\" \/><figcaption>Bild: 2N<\/figcaption><\/figure>\n\n\n\n<!--more-->\n\n\n\n<p>Die Firma 2N erweitert ihre Produktreihe\nInnensprechstellen um das neue Kommunikationsger\u00e4t <a href=\"https:\/\/www.2n.cz\/de_DE\/produkte\/ip-innensprechstellen\/2n-indoor-compact\">2N Indoor Compact<\/a>, das f\u00fcr\nden Einsatz in Wohnanlagen vorgesehen ist. Es stellt eine bestens aufeinander\nabgestimmte Kombination aus Stil, Widerstandf\u00e4higkeit, leichter Bedienung,\neinfacher Installation und Fernverwaltung dar.<\/p>\n\n\n\n<p><strong>Ein\nDesignst\u00fcck f\u00fcr jeden Innenraum<\/strong><strong><\/strong><\/p>\n\n\n\n<p>Die neue Innensprechstelle verf\u00fcgt \u00fcber ein\n4,3-Zoll-Farbdisplay mit einer Oberfl\u00e4che aus drei Millimeter dickem geh\u00e4rtetem\nGlas, das f\u00fcr ein H\u00f6chstma\u00df an Widerstandsf\u00e4higkeit gegen Kratzer und St\u00f6\u00dfe im\nHaushalt sorgt. Die Bedienung ist aufgrund der gro\u00dfen farbig hinterleuchteten\nTasten sehr intuitiv gestaltet. Neben Funktionen wie Annahme des Anrufs, \u00d6ffnen\nder T\u00fcr, Anzeige verpasster Anrufe oder Einstellung des Lautlos-Modus zeigt das\nGer\u00e4t im Ruhemodus zus\u00e4tzlich die genaue Uhrzeit und das Datum an. Bei der\nAnnahme eines Anrufs erm\u00f6glicht das Ger\u00e4t 2N Indoor Compact, das Kamerabild von\nder Sprechanlage zu einer anderen externen IP-Kamera zu wechseln und zu\n\u00fcberpr\u00fcfen, ob Sie wirklich nur die richtigen G\u00e4ste ins Haus hineinlassen. Der\nTon in HD-Qualit\u00e4t wird durch den Einsatz des Audio-Codecs G.722, einen Lautsprechereingang\nund das Ger\u00e4usch-unterdr\u00fcckungssystem gew\u00e4hrleistet.<\/p>\n\n\n\n<p><strong>Einfache\nInstallation und Fernverwaltung<\/strong><strong><\/strong><\/p>\n\n\n\n<p>Das Installieren und das Anschlie\u00dfen des Ger\u00e4tes 2N\nIndoor Compact ist sehr einfach. Die Nutzung der in modernen H\u00e4usern\neingesetzten strukturierten Verkabelung macht es m\u00f6glich, das Ger\u00e4t 2N Indoor\nCompact im Handumdrehen an das System anzuschlie\u00dfen und die Kommunikation sowie\nStromversorgung \u00fcber PoE innerhalb weniger Sekunden sicherzustellen. Dank einer\nspeziellen Ger\u00e4tedose kann selbst bei ungenauer Vermauerung durch ein leichtes\nDrehen des Displays eine waagerechte Lage erreicht werden. Die Einstellung\naller installierten Einheiten, das Erstellen des Adressbuchs sowie das\nFirmware-Upgrade k\u00f6nnen \u00fcber die Webschnittstelle sowohl aus dem lokalen\nNetzwerk als auch aus der Ferne mit dem Service 2N Remote Configuration\nvorgenommen werden.<\/p>\n\n\n\n<p>\u201eDie Innensprechstelle 2N Indoor Compact wurde\nspeziell als luxuri\u00f6ses Accessoire f\u00fcr Haushalte und Wohnanlagen konzipiert und\nrundet unsere Reihe der Innensprechstellen ausgezeichnet ab. Es erm\u00f6glicht\nVideogespr\u00e4che in h\u00f6chster Qualit\u00e4t und verf\u00fcgt dabei \u00fcber kleinere Ma\u00dfe und\nein in der Tat elegantes Design. In besonderem Ma\u00df achteten wir auf ausgew\u00e4hlte\nWerkstoffe und die Abstimmung der Benutzerschnittstelle, sodass das Produkt zu\nden Spitzenprodukten auf dem Markt geh\u00f6ren wird\u201c, sagt Tom\u00e1\u0161 Vystav\u011bl, Leiter\ndes 2N-Produktmanagements.<\/p>\n\n\n\n<p>Die Innensprechstelle 2N Indoor Compact ist in\nschwarzer und wei\u00dfer Ausf\u00fchrung erh\u00e4ltlich. Sie wird ab Juli 2019 zum empfohlenen\nVerkaufspreis von 374 Euro, zuz\u00fcglich Mehrwertsteuer, im Handel erh\u00e4ltlich\nsein.<\/p>\n\n\n\n<p>Weitere Informationen: <a href=\"https:\/\/www.2n.cz\/de_DE\/\">https:\/\/www.2n.cz\/de_DE<\/a><\/p>\n","protected":false},"excerpt":{"rendered":"<p>Die Innensprechstelle 2N Indoor Compact dient als Gegenst\u00fcck f\u00fcr 2N-T\u00fcrsprechanlagen und ist aufgrund ihrer Verarbeitung und der verwendeten Werkstoffe als Pr\u00e4mien-Accessoire f\u00fcr Haushalte und Wohnanlagen gedacht. Zum einen bereitet der Einbau keinerlei Probleme, und zum anderen erm\u00f6glicht sie eine sehr intuitive Annahme des Anrufs, das \u00d6ffnen der T\u00fcr, das Anzeigen aller verpassten Anrufe und weitere Funktionen. Dies alles in einem minimalistischen Design mit 4,3\u201c-Farbdisplay und Hartglas-Oberfl\u00e4che.<\/p>\n","protected":false},"author":2,"featured_media":10474,"comment_status":"closed","ping_status":"closed","sticky":false,"template":"","format":"standard","meta":{"colormag_page_container_layout":"default_layout","colormag_page_sidebar_layout":"default_layout","_jetpack_memberships_contains_paid_content":false,"footnotes":""},"categories":[3,7567],"tags":[9818,11219,5054,11218,11217,11216,1562,3165,11221,9161,11220],"class_list":["post-10473","post","type-post","status-publish","format-standard","has-post-thumbnail","hentry","category-news","category-smart-home","tag-2n","tag-farbdisplay","tag-firmware","tag-hartglas","tag-indoor-compact","tag-innensprechstelle","tag-installation","tag-kamera","tag-poe","tag-tueroeffner","tag-videotelefonie"],"jetpack_featured_media_url":"https:\/\/deinenergieportal.de\/wp-content\/uploads\/2019\/07\/2N_Indoor_Compact_living_room_s-002.jpg","jetpack_sharing_enabled":true,"_links":{"self":[{"href":"https:\/\/deinenergieportal.de\/index.php?rest_route=\/wp\/v2\/posts\/10473","targetHints":{"allow":["GET"]}}],"collection":[{"href":"https:\/\/deinenergieportal.de\/index.php?rest_route=\/wp\/v2\/posts"}],"about":[{"href":"https:\/\/deinenergieportal.de\/index.php?rest_route=\/wp\/v2\/types\/post"}],"author":[{"embeddable":true,"href":"https:\/\/deinenergieportal.de\/index.php?rest_route=\/wp\/v2\/users\/2"}],"replies":[{"embeddable":true,"href":"https:\/\/deinenergieportal.de\/index.php?rest_route=%2Fwp%2Fv2%2Fcomments&post=10473"}],"version-history":[{"count":1,"href":"https:\/\/deinenergieportal.de\/index.php?rest_route=\/wp\/v2\/posts\/10473\/revisions"}],"predecessor-version":[{"id":10475,"href":"https:\/\/deinenergieportal.de\/index.php?rest_route=\/wp\/v2\/posts\/10473\/revisions\/10475"}],"wp:featuredmedia":[{"embeddable":true,"href":"https:\/\/deinenergieportal.de\/index.php?rest_route=\/wp\/v2\/media\/10474"}],"wp:attachment":[{"href":"https:\/\/deinenergieportal.de\/index.php?rest_route=%2Fwp%2Fv2%2Fmedia&parent=10473"}],"wp:term":[{"taxonomy":"category","embeddable":true,"href":"https:\/\/deinenergieportal.de\/index.php?rest_route=%2Fwp%2Fv2%2Fcategories&post=10473"},{"taxonomy":"post_tag","embeddable":true,"href":"https:\/\/deinenergieportal.de\/index.php?rest_route=%2Fwp%2Fv2%2Ftags&post=10473"}],"curies":[{"name":"wp","href":"https:\/\/api.w.org\/{rel}","templated":true}]}}